{"id":144110,"date":"2022-03-27T15:56:31","date_gmt":"2022-03-27T19:56:31","guid":{"rendered":"https:\/\/linitiative.ca\/International\/ultimatum-de-la-cedeao-et-interpellation-du-president-du-mpp-tout-faire-pour-ne-pas-en-rajouter-a-la-souffrance-du-peuple\/"},"modified":"2022-03-27T15:56:31","modified_gmt":"2022-03-27T19:56:31","slug":"ultimatum-de-la-cedeao-et-interpellation-du-president-du-mpp-tout-faire-pour-ne-pas-en-rajouter-a-la-souffrance-du-peuple","status":"publish","type":"post","link":"https:\/\/linitiative.ca\/International\/ultimatum-de-la-cedeao-et-interpellation-du-president-du-mpp-tout-faire-pour-ne-pas-en-rajouter-a-la-souffrance-du-peuple\/","title":{"rendered":"ULTIMATUM DE LA CEDEAO ET INTERPELLATION DU PRESIDENT DU MPP : Tout faire pour ne pas en rajouter \u00e0 la souffrance du peuple  \u00a0"},"content":{"rendered":"<div>\n<p><img loading=\"lazy\" decoding=\"async\" width=\"696\" height=\"460\" src=\"https:\/\/linitiative.ca\/International\/wp-content\/uploads\/sites\/23\/2022\/03\/CEDEAO.jpg\" class=\"attachment- size- wp-post-image\" alt=\"\" style=\"float:left; margin:0 15px 15px 0;\" srcset=\"https:\/\/linitiative.ca\/International\/wp-content\/uploads\/sites\/23\/2022\/03\/CEDEAO.jpg 696w, https:\/\/lepays.bf\/wp-content\/uploads\/2022\/03\/CEDEAO-300x198.jpg 300w, https:\/\/lepays.bf\/wp-content\/uploads\/2022\/03\/CEDEAO-150x99.jpg 150w, https:\/\/lepays.bf\/wp-content\/uploads\/2022\/03\/CEDEAO-128x86.jpg 128w\" sizes=\"auto, (max-width: 696px) 100vw, 696px\">Beaucoup de Burkinab\u00e8 ont manifest\u00e9 leur \u00e9tonnement \u00e0 la lecture du communiqu\u00e9 final qui a sanctionn\u00e9 la Conf\u00e9rence des chefs d\u2019Etat et de gouvernement de la Communaut\u00e9 \u00e9conomique des Etats de l\u2019Afrique de l\u2019Ouest (CEDEAO), r\u00e9unie en session extraordinaire, le 25 mars dernier, \u00e0 Accra, [\u2026]<\/p>\n<p>L\u2019article <a rel=\"nofollow\" href=\"https:\/\/lepays.bf\/ultimatum-de-la-cedeao-et-interpellation-du-president-du-mpp-tout-faire-pour-ne-pas-en-rajouter-a-la-souffrance-du-peuple\/\">ULTIMATUM DE LA CEDEAO ET INTERPELLATION DU PRESIDENT DU MPP : Tout faire pour ne pas en rajouter \u00e0 la souffrance du peuple  \u00a0<\/a> est apparu en premier sur <a rel=\"nofollow\" href=\"https:\/\/lepays.bf\/\">Editions Le Pays<\/a>.<\/p>\n<\/div>\n<p>Auteur: Editions LEPAYS<br \/>\n<a href=\"https:\/\/lepays.bf\/ultimatum-de-la-cedeao-et-interpellation-du-president-du-mpp-tout-faire-pour-ne-pas-en-rajouter-a-la-souffrance-du-peuple\/\">Cliquez ici pour lire l&rsquo;article depuis sa source.<\/a><\/p>\n","protected":false},"excerpt":{"rendered":"<p>Beaucoup de Burkinab\u00e8 ont manifest\u00e9 leur \u00e9tonnement \u00e0 la lecture du communiqu\u00e9 final qui a sanctionn\u00e9 la Conf\u00e9rence des chefs d\u2019Etat et de gouvernement de la Communaut\u00e9 \u00e9conomique des Etats de l\u2019Afrique de l\u2019Ouest (CEDEAO), r\u00e9unie en session extraordinaire, le 25 mars dernier, \u00e0 Accra, [\u2026] L\u2019article ULTIMATUM DE LA CEDEAO ET INTERPELLATION DU PRESIDENT [&hellip;]<\/p>\n","protected":false},"author":1813,"featured_media":0,"comment_status":"closed","ping_status":"closed","sticky":false,"template":"","format":"standard","meta":{"fifu_image_url":"https:\/\/lepays.bf\/wp-content\/uploads\/2022\/03\/CEDEAO.jpg","fifu_image_alt":"ULTIMATUM DE LA CEDEAO ET INTERPELLATION DU PRESIDENT DU MPP : Tout faire pour ne pas en rajouter \u00e0 la souffrance du peuple  \u00a0","footnotes":""},"categories":[73,81],"tags":[],"class_list":["post-144110","post","type-post","status-publish","format-standard","hentry","category-actualite","category-burkina-faso"],"_links":{"self":[{"href":"https:\/\/linitiative.ca\/International\/wp-json\/wp\/v2\/posts\/144110","targetHints":{"allow":["GET"]}}],"collection":[{"href":"https:\/\/linitiative.ca\/International\/wp-json\/wp\/v2\/posts"}],"about":[{"href":"https:\/\/linitiative.ca\/International\/wp-json\/wp\/v2\/types\/post"}],"author":[{"embeddable":true,"href":"https:\/\/linitiative.ca\/International\/wp-json\/wp\/v2\/users\/1813"}],"replies":[{"embeddable":true,"href":"https:\/\/linitiative.ca\/International\/wp-json\/wp\/v2\/comments?post=144110"}],"version-history":[{"count":0,"href":"https:\/\/linitiative.ca\/International\/wp-json\/wp\/v2\/posts\/144110\/revisions"}],"wp:attachment":[{"href":"https:\/\/linitiative.ca\/International\/wp-json\/wp\/v2\/media?parent=144110"}],"wp:term":[{"taxonomy":"category","embeddable":true,"href":"https:\/\/linitiative.ca\/International\/wp-json\/wp\/v2\/categories?post=144110"},{"taxonomy":"post_tag","embeddable":true,"href":"https:\/\/linitiative.ca\/International\/wp-json\/wp\/v2\/tags?post=144110"}],"curies":[{"name":"wp","href":"https:\/\/api.w.org\/{rel}","templated":true}]}}