{"id":144114,"date":"2022-03-26T23:18:03","date_gmt":"2022-03-27T03:18:03","guid":{"rendered":"https:\/\/linitiative.ca\/International\/cote-divoire-mtn-exhorte-les-femmes-a-prendre-leur-place-dans-le-developpement\/"},"modified":"2022-03-26T23:18:03","modified_gmt":"2022-03-27T03:18:03","slug":"cote-divoire-mtn-exhorte-les-femmes-a-prendre-leur-place-dans-le-developpement","status":"publish","type":"post","link":"https:\/\/linitiative.ca\/International\/cote-divoire-mtn-exhorte-les-femmes-a-prendre-leur-place-dans-le-developpement\/","title":{"rendered":"C\u00f4te d\u2019Ivoire: MTN exhorte les femmes \u00e0 prendre leur place dans le d\u00e9veloppement"},"content":{"rendered":"<div>\n<p><img decoding=\"async\" width=\"1080\" height=\"720\" src=\"https:\/\/linitiative.ca\/International\/wp-content\/uploads\/sites\/23\/2022\/03\/16483510834066.jpg\" class=\"attachment-post-thumbnail size-post-thumbnail wp-post-image\" alt=\"\" loading=\"lazy\" srcset=\"https:\/\/linitiative.ca\/International\/wp-content\/uploads\/sites\/23\/2022\/03\/16483510834066.jpg 1080w, https:\/\/www.journalducameroun.com\/wp-content\/uploads\/2022\/03\/16483510834066-300x200.jpg 300w, https:\/\/www.journalducameroun.com\/wp-content\/uploads\/2022\/03\/16483510834066-1024x683.jpg 1024w, https:\/\/www.journalducameroun.com\/wp-content\/uploads\/2022\/03\/16483510834066-768x512.jpg 768w, https:\/\/www.journalducameroun.com\/wp-content\/uploads\/2022\/03\/16483510834066-660x440.jpg 660w, https:\/\/www.journalducameroun.com\/wp-content\/uploads\/2022\/03\/16483510834066-600x400.jpg 600w\" sizes=\"auto, (max-width: 1080px) 100vw, 1080px\"><\/p>\n<p>Pour amener les femmes \u00e0 booster davantage leur part dans la croissance, l&rsquo;op\u00e9rateur de t\u00e9l\u00e9phonie MTN C\u00f4te d&rsquo;Ivoire, a organis\u00e9 jeudi un d\u00eener qui a r\u00e9uni plus de 100 femmes leaders pour les exhorter \u00e0 prendre leur place dans la marche du d\u00e9veloppement.Dans ce contexte, l&rsquo;entreprise a convi\u00e9 des femmes leaders \u00e0 un d\u00eener le jeudi 24 mars 2022 dans un h\u00f4tel abidjanais pour \u00e9changer entre elles sur la place centrale qu&rsquo;elles occupent dans le processus de d\u00e9veloppement de la C\u00f4te d&rsquo;Ivoire, autour du th\u00e8me \u00ab\u00a0Prends ta place\u00a0\u00bb.<\/p>\n<p>Ce d\u00eener qui cl\u00f4t la s\u00e9rie d&rsquo;actions men\u00e9es par MTN C\u00f4te d&rsquo;Ivoire pour c\u00e9l\u00e9brer et honorer les femmes, a permis de cr\u00e9er un cadre d&rsquo;\u00e9change entre elles pour effectivement prendre et faire valoir \u00ab\u00a0leur place\u00a0\u00bb dans la marche et le d\u00e9veloppement de la soci\u00e9t\u00e9. \u00a0<\/p>\n<p>Intervenant lors du d\u00eener, Mme Natenin Coulibaly, secr\u00e9taire g\u00e9n\u00e9rale de cette entreprise de t\u00e9l\u00e9phonie mobile a fait savoir que ce \u00ab\u00a0d\u00eener se veut un cadre d&rsquo;\u00e9change et de retrouvaille avec des femmes leaders pour ensemble, r\u00e9fl\u00e9chir sur comment faire reconna\u00eetre et prendre la place qui est la leur dans la marche du monde et dans le d\u00e9veloppement de notre soci\u00e9t\u00e9 pour un monde plus \u00e9galitaire\u00a0\u00bb. \u00a0<\/p>\n<p>\u00ab\u00a0Les femmes ont et jouent un r\u00f4le pr\u00e9pond\u00e9rant pour assurer une soci\u00e9t\u00e9 \u00e9quilibr\u00e9e et durable. \u00a0Par cons\u00e9quent, elles doivent mettre tout en \u0153uvre pour garantir \u00e0 la fois ce droit et devoir; et l&rsquo;assumer pleinement en prenant de plus en plus une part active dans le d\u00e9veloppement durable de nos communaut\u00e9s\u00a0\u00bb, a-t-elle ajout\u00e9.\u00a0<\/p>\n<p>La soci\u00e9t\u00e9 de t\u00e9l\u00e9phonie a, au cours du d\u00eener, prim\u00e9 les laur\u00e9ates de \u00ab\u00a0Y&rsquo;ello Hackathon\u00a0\u00bb, un concours de d\u00e9veloppement de solution applicative durant lequel huit \u00e9quipes compos\u00e9es de 24 jeunes filles \u00e9tudiantes ont comp\u00e9ti pendant trois jours autour de la probl\u00e9matique des cons\u00e9quences n\u00e9gatives du changement climatique.\u00a0<\/p>\n<p>MTN avait organis\u00e9, le jeudi 17 mars 2022, un panel de haut niveau qui a rassembl\u00e9 plus de 100 femmes de diverses couches sociales autour du th\u00e8me \u00ab\u00a0L&rsquo;impact des femmes pour le d\u00e9veloppement durable\u00a0\u00bb. \u00a0\u00a0<\/p>\n<p>Cet article <a rel=\"nofollow\" href=\"https:\/\/www.journalducameroun.com\/cote-divoire-mtn-exhorte-les-femmes-a-prendre-leur-place-dans-le-developpement\/\">C\u00f4te d\u2019Ivoire: MTN exhorte les femmes \u00e0 prendre leur place dans le d\u00e9veloppement<\/a> est apparu en premier sur <a rel=\"nofollow\" href=\"https:\/\/www.journalducameroun.com\/\">Journal du Cameroun<\/a>.<\/p>\n<\/div>\n<p>Auteur: APA News<br \/>\n<a href=\"https:\/\/www.journalducameroun.com\/cote-divoire-mtn-exhorte-les-femmes-a-prendre-leur-place-dans-le-developpement\/\">Cliquez ici pour lire l&rsquo;article depuis sa source.<\/a><\/p>\n","protected":false},"excerpt":{"rendered":"<p>Pour amener les femmes \u00e0 booster davantage leur part dans la croissance, l&rsquo;op\u00e9rateur de t\u00e9l\u00e9phonie MTN C\u00f4te d&rsquo;Ivoire, a organis\u00e9 jeudi un d\u00eener qui a r\u00e9uni plus de 100 femmes leaders pour les exhorter \u00e0 prendre leur place dans la marche du d\u00e9veloppement.Dans ce contexte, l&rsquo;entreprise a convi\u00e9 des femmes leaders \u00e0 un d\u00eener le [&hellip;]<\/p>\n","protected":false},"author":1965,"featured_media":0,"comment_status":"closed","ping_status":"closed","sticky":false,"template":"","format":"standard","meta":{"fifu_image_url":"https:\/\/www.journalducameroun.com\/wp-content\/uploads\/2022\/03\/16483510834066.jpg","fifu_image_alt":"C\u00f4te d\u2019Ivoire: MTN exhorte les femmes \u00e0 prendre leur place dans le d\u00e9veloppement","footnotes":""},"categories":[73,82],"tags":[],"class_list":["post-144114","post","type-post","status-publish","format-standard","hentry","category-actualite","category-cameroun"],"_links":{"self":[{"href":"https:\/\/linitiative.ca\/International\/wp-json\/wp\/v2\/posts\/144114","targetHints":{"allow":["GET"]}}],"collection":[{"href":"https:\/\/linitiative.ca\/International\/wp-json\/wp\/v2\/posts"}],"about":[{"href":"https:\/\/linitiative.ca\/International\/wp-json\/wp\/v2\/types\/post"}],"author":[{"embeddable":true,"href":"https:\/\/linitiative.ca\/International\/wp-json\/wp\/v2\/users\/1965"}],"replies":[{"embeddable":true,"href":"https:\/\/linitiative.ca\/International\/wp-json\/wp\/v2\/comments?post=144114"}],"version-history":[{"count":0,"href":"https:\/\/linitiative.ca\/International\/wp-json\/wp\/v2\/posts\/144114\/revisions"}],"wp:attachment":[{"href":"https:\/\/linitiative.ca\/International\/wp-json\/wp\/v2\/media?parent=144114"}],"wp:term":[{"taxonomy":"category","embeddable":true,"href":"https:\/\/linitiative.ca\/International\/wp-json\/wp\/v2\/categories?post=144114"},{"taxonomy":"post_tag","embeddable":true,"href":"https:\/\/linitiative.ca\/International\/wp-json\/wp\/v2\/tags?post=144114"}],"curies":[{"name":"wp","href":"https:\/\/api.w.org\/{rel}","templated":true}]}}