{"id":144116,"date":"2022-03-27T03:50:06","date_gmt":"2022-03-27T07:50:06","guid":{"rendered":"https:\/\/linitiative.ca\/International\/region-de-lest-le-ministere-du-tourisme-cherche-5-milliards-pour-viabiliser-le-parc-national-de-lobeke\/"},"modified":"2022-03-27T03:50:06","modified_gmt":"2022-03-27T07:50:06","slug":"region-de-lest-le-ministere-du-tourisme-cherche-5-milliards-pour-viabiliser-le-parc-national-de-lobeke","status":"publish","type":"post","link":"https:\/\/linitiative.ca\/International\/region-de-lest-le-ministere-du-tourisme-cherche-5-milliards-pour-viabiliser-le-parc-national-de-lobeke\/","title":{"rendered":"R\u00e9gion de l\u2019Est\u00a0: le minist\u00e8re du Tourisme cherche 5 milliards pour viabiliser le parc national de Lob\u00e9k\u00e9"},"content":{"rendered":"<div>\n<p>Depuis quelques mois, une affiche grand format, pr\u00e9sentant le parc national de Lob\u00e9k\u00e9 est visible au rond-point situ\u00e9 \u00e0 l\u2019entr\u00e9e de la r\u00e9sidence pr\u00e9sidentielle dans la ville de Bertoua, chef-lieu de la r\u00e9gion de l\u2019Est. Cette affiche a \u00e9t\u00e9 implant\u00e9e par la d\u00e9l\u00e9gation r\u00e9gionale du Tourisme et des loisirs (Dermintour) dans le cadre des activit\u00e9s de sensibilisation des populations sur les riches potentialit\u00e9s touristiques de ce parc situ\u00e9 dans le d\u00e9partement de la Boumba-et-Ngoko. En effet, selon le guide touristique de l\u2019Est du Mintour,\u00a0\u00ab\u00a0le parc national de Lob\u00e9k\u00e9 est le royaume de nombreux oiseaux, gorilles et autres mammif\u00e8res tels les \u00e9l\u00e9phants, buffles, antilopes et bien d\u2019autres animaux qui peuvent \u00eatre observ\u00e9s \u00e0 partir des miradors construits dans les clairi\u00e8res de Bolo, Djangui, Ndangaye, Ngoa, de Djaloumbe et la Petite savane. Ses rivi\u00e8res poissonneuses et les f\u00eates traditionnelles des pygm\u00e9es Baka sont aussi d\u2019attrait\u00a0\u00bb.\u00a0Malheureusement, comme toutes les r\u00e9serves de l\u2019Est, le parc de Lob\u00e9k\u00e9 n\u2019est pas viabilis\u00e9 du fait de l\u2019absence d\u2019un investissement n\u00e9cessaire.\u00a0<\/p>\n<p><strong>Lire aussi : <a href=\"https:\/\/ecomatin.net\/chr-de-bertoua-un-chantier-de-89-milliards-paralyse-depuis-pres-dun-an\/\">CHR de Bertoua\u00a0: un chantier de 8,9 milliards paralys\u00e9 depuis pr\u00e8s d\u2019un an<\/a><\/strong><\/p>\n<p><em>\u00ab<\/em>\u00a0Pour viabiliser un site touristique, il faut l\u2019am\u00e9nager, il faut les voix d\u2019acc\u00e8s, il faut construire les infrastructures d\u2019accueil, il faut un personnel qualifi\u00e9, il faut les plaques de signalisation. Ce qui n\u2019est pas le cas avec les nombreux sites touristiques actuels\u00a0\u00bb,\u00a0indique-t-on \u00e0 la d\u00e9l\u00e9gation r\u00e9gionale de l\u2019Est. En plus, depuis l\u2019av\u00e8nement de la pand\u00e9mie du Covid-19, le secteur du tourisme a connu une chute d\u2019activit\u00e9 (occupation des chambres, chasse sportive dans les aires prot\u00e9g\u00e9es) d\u2019environ 65%. Apr\u00e8s la reprise des activit\u00e9s dans ce secteur, l\u2019une des priorit\u00e9s de la d\u00e9l\u00e9gation r\u00e9gionale de l\u2019Est pour l\u2019exercice 2022 est d\u2019accompagner et viabiliser le parc national de\u00a0 Lob\u00e9k\u00e9. \u00ab\u00a0Selon les normes de l\u2019organisation mondiale du Tourisme (OMT), il faut environ 5 milliards de FCFA pour viabiliser un site touristique comme le parc de Lob\u00e9k\u00e9\u00a0\u00bb, indique Nasser Hamadama, le d\u00e9l\u00e9gu\u00e9 r\u00e9gional du Mintour.<\/p>\n<p><strong>Martin Foula \u00a0\u00a0<\/strong><strong>\u00a0<\/strong><\/p>\n<p>L\u2019article <a rel=\"nofollow\" href=\"https:\/\/ecomatin.net\/region-de-lest-le-ministere-du-tourisme-cherche-5-milliards-pour-viabiliser-le-parc-national-de-lobeke\/\">R\u00e9gion de l\u2019Est\u00a0: le minist\u00e8re du Tourisme cherche 5 milliards pour viabiliser le parc national de Lob\u00e9k\u00e9<\/a> est apparu en premier sur <a rel=\"nofollow\" href=\"https:\/\/ecomatin.net\/\">EcoMatin<\/a>.<\/p>\n<\/div>\n<p>Auteur: EcoMatin<br \/>\n<a href=\"https:\/\/ecomatin.net\/region-de-lest-le-ministere-du-tourisme-cherche-5-milliards-pour-viabiliser-le-parc-national-de-lobeke\/\">Cliquez ici pour lire l&rsquo;article depuis sa source.<\/a><\/p>\n","protected":false},"excerpt":{"rendered":"<p>Depuis quelques mois, une affiche grand format, pr\u00e9sentant le parc national de Lob\u00e9k\u00e9 est visible au rond-point situ\u00e9 \u00e0 l\u2019entr\u00e9e de la r\u00e9sidence pr\u00e9sidentielle dans la ville de Bertoua, chef-lieu de la r\u00e9gion de l\u2019Est. Cette affiche a \u00e9t\u00e9 implant\u00e9e par la d\u00e9l\u00e9gation r\u00e9gionale du Tourisme et des loisirs (Dermintour) dans le cadre des activit\u00e9s [&hellip;]<\/p>\n","protected":false},"author":1969,"featured_media":0,"comment_status":"closed","ping_status":"closed","sticky":false,"template":"","format":"standard","meta":{"fifu_image_url":"","fifu_image_alt":"","footnotes":""},"categories":[82,78],"tags":[],"class_list":["post-144116","post","type-post","status-publish","format-standard","hentry","category-cameroun","category-economie"],"_links":{"self":[{"href":"https:\/\/linitiative.ca\/International\/wp-json\/wp\/v2\/posts\/144116","targetHints":{"allow":["GET"]}}],"collection":[{"href":"https:\/\/linitiative.ca\/International\/wp-json\/wp\/v2\/posts"}],"about":[{"href":"https:\/\/linitiative.ca\/International\/wp-json\/wp\/v2\/types\/post"}],"author":[{"embeddable":true,"href":"https:\/\/linitiative.ca\/International\/wp-json\/wp\/v2\/users\/1969"}],"replies":[{"embeddable":true,"href":"https:\/\/linitiative.ca\/International\/wp-json\/wp\/v2\/comments?post=144116"}],"version-history":[{"count":0,"href":"https:\/\/linitiative.ca\/International\/wp-json\/wp\/v2\/posts\/144116\/revisions"}],"wp:attachment":[{"href":"https:\/\/linitiative.ca\/International\/wp-json\/wp\/v2\/media?parent=144116"}],"wp:term":[{"taxonomy":"category","embeddable":true,"href":"https:\/\/linitiative.ca\/International\/wp-json\/wp\/v2\/categories?post=144116"},{"taxonomy":"post_tag","embeddable":true,"href":"https:\/\/linitiative.ca\/International\/wp-json\/wp\/v2\/tags?post=144116"}],"curies":[{"name":"wp","href":"https:\/\/api.w.org\/{rel}","templated":true}]}}