{"id":144117,"date":"2022-03-27T14:56:20","date_gmt":"2022-03-27T18:56:20","guid":{"rendered":"https:\/\/linitiative.ca\/International\/securite-alimentaire-la-mission-de-developpement-du-nord-ouest-distribue-12-tonnes-de-semences-de-mais-a-200-producteurs-locaux\/"},"modified":"2022-03-27T14:56:20","modified_gmt":"2022-03-27T18:56:20","slug":"securite-alimentaire-la-mission-de-developpement-du-nord-ouest-distribue-12-tonnes-de-semences-de-mais-a-200-producteurs-locaux","status":"publish","type":"post","link":"https:\/\/linitiative.ca\/International\/securite-alimentaire-la-mission-de-developpement-du-nord-ouest-distribue-12-tonnes-de-semences-de-mais-a-200-producteurs-locaux\/","title":{"rendered":"S\u00e9curit\u00e9 alimentaire\u00a0: la\u00a0mission de d\u00e9veloppement du Nord-Ouest\u00a0distribue 12 tonnes de semences de ma\u00efs \u00e0 200 producteurs locaux"},"content":{"rendered":"<div>\n<p>La mission de d\u00e9veloppement du Nord-Ouest (Mideno) a distribu\u00e9 le 17 mars 2022, dans la ville de Bamenda, 12 tonnes de semences am\u00e9lior\u00e9es de ma\u00efs aux agriculteurs de la r\u00e9gion. A cet effet, une marge de 200 producteurs ont \u00e9t\u00e9 b\u00e9n\u00e9ficiaires de ce soutien qui vise \u00e0 apporter une piste de solution aux difficult\u00e9s d\u2019approvisionnement en semences de qualit\u00e9 qu\u2019\u00e9prouvent les producteurs de cette zone.<\/p>\n<p>Parmi ces difficult\u00e9s, la crise sociopolitique dans les r\u00e9gions du Nord-Ouest et du Sud-Ouest. Dans ces zones, la crise s\u00e9curitaire provoque des d\u00e9placements fr\u00e9quents des populations. Ainsi, redoutant des violences et des enl\u00e8vements, plus de 70 % des agriculteurs ont abandonn\u00e9 les champs et les 30% de m\u00e9nages restant consomment le peu de r\u00e9coltes qu\u2019ils mobilisent. Avec cette crise s\u00e9curitaire, les surfaces cultiv\u00e9es sont diminu\u00e9es ainsi que les capacit\u00e9s de production agropastorale.<\/p>\n<p>Pour accompagner la mission de D\u00e9veloppement du Nord-Ouest (Mideno), des m\u00e9canismes ont \u00e9t\u00e9 mis en place par les organisations non gouvernementales (ONG) et les diff\u00e9rents partenaires de l\u2019Etat pour le redressement des r\u00e9gions du Nord-Ouest et du Sud-Ouest. En occurrence, le Japon et le programme des Nations Unies pour le D\u00e9veloppement (Pnud) qui avait mobilis\u00e9 pr\u00e8s de 3 milliards de FCFA en guise de contribution au plan pr\u00e9sidentiel de reconstruction et du d\u00e9veloppement\u00a0 du Nord-Ouest et du Sud-Ouest (PPRD\/NOSO). A c\u00f4t\u00e9 de cela s\u2019ajoutent certaines entreprises\u00a0 du secteur priv\u00e9 qui ont r\u00e9cemment manifest\u00e9 leur solidarit\u00e9 pour la m\u00eame initiative. Il s\u2019agit de la Soci\u00e9t\u00e9 anonyme des Brasseries du Cameroun (Sabc) et du Groupement des Industries Meuni\u00e8res du Cameroun (Gimc) qui ont eu \u00e0 d\u00e9bloquer en Novembre 2021 une somme de 1,2 milliard de FCFA.<\/p>\n<p><strong>Missions de la Mideno<\/strong><\/p>\n<p>Il incombe de relever que la Mideno agit pour le compte du gouvernement dans la r\u00e9gion du Nord-Ouest en tant que superviseur de la politique de d\u00e9veloppement, et en fournissant un m\u00e9canisme budg\u00e9taire, financier et technique pour les projets de d\u00e9veloppement. Il a \u00e9galement pour fonction, l\u2019organisation des collectivit\u00e9s, la promotion de l\u2019environnement socio-\u00e9conomique et l\u2019am\u00e9lioration des conditions de vie en milieu rural ainsi que la r\u00e9alisation de toutes \u00e9tudes, recherches ou op\u00e9rations li\u00e9es au d\u00e9veloppement rural dans la R\u00e9gion du Nord-Ouest. La Mideno a con\u00e7u, mont\u00e9 et supervis\u00e9 plusieurs projets dans la r\u00e9gion du Nord-Ouest notamment le Projet de d\u00e9veloppement rural participatif et d\u00e9centralis\u00e9 Grassfield (Gp-Derudep), le d\u00e9marrage du projet de d\u00e9veloppement de l\u2019Elevage. Dans le cadre du dernier projet, la Mideno a d\u00e9j\u00e0 eu \u00e0 distribuer 270 tonnes d\u2019aliments de poissons aux \u00e9leveurs de la r\u00e9gion, 15\u2009000 plants de bananiers-plantains pour booster la production au Nord-Ouest etc.\u00a0<\/p>\n<p>L\u2019article <a rel=\"nofollow\" href=\"https:\/\/ecomatin.net\/securite-alimentaire-la-mission-de-developpement-t-du-nord-ouest-distribue-12-tonnes-de-semences-de-mais-a-200-producteurs-locaux\/\">S\u00e9curit\u00e9 alimentaire\u00a0: la\u00a0mission de d\u00e9veloppement du Nord-Ouest\u00a0distribue 12 tonnes de semences de ma\u00efs \u00e0 200 producteurs locaux<\/a> est apparu en premier sur <a rel=\"nofollow\" href=\"https:\/\/ecomatin.net\/\">EcoMatin<\/a>.<\/p>\n<\/div>\n<p>Auteur: Mairamou Abdou<br \/>\n<a href=\"https:\/\/ecomatin.net\/securite-alimentaire-la-mission-de-developpement-t-du-nord-ouest-distribue-12-tonnes-de-semences-de-mais-a-200-producteurs-locaux\/\">Cliquez ici pour lire l&rsquo;article depuis sa source.<\/a><\/p>\n","protected":false},"excerpt":{"rendered":"<p>La mission de d\u00e9veloppement du Nord-Ouest (Mideno) a distribu\u00e9 le 17 mars 2022, dans la ville de Bamenda, 12 tonnes de semences am\u00e9lior\u00e9es de ma\u00efs aux agriculteurs de la r\u00e9gion. A cet effet, une marge de 200 producteurs ont \u00e9t\u00e9 b\u00e9n\u00e9ficiaires de ce soutien qui vise \u00e0 apporter une piste de solution aux difficult\u00e9s d\u2019approvisionnement [&hellip;]<\/p>\n","protected":false},"author":1969,"featured_media":0,"comment_status":"closed","ping_status":"closed","sticky":false,"template":"","format":"standard","meta":{"fifu_image_url":"","fifu_image_alt":"","footnotes":""},"categories":[82,78],"tags":[],"class_list":["post-144117","post","type-post","status-publish","format-standard","hentry","category-cameroun","category-economie"],"_links":{"self":[{"href":"https:\/\/linitiative.ca\/International\/wp-json\/wp\/v2\/posts\/144117","targetHints":{"allow":["GET"]}}],"collection":[{"href":"https:\/\/linitiative.ca\/International\/wp-json\/wp\/v2\/posts"}],"about":[{"href":"https:\/\/linitiative.ca\/International\/wp-json\/wp\/v2\/types\/post"}],"author":[{"embeddable":true,"href":"https:\/\/linitiative.ca\/International\/wp-json\/wp\/v2\/users\/1969"}],"replies":[{"embeddable":true,"href":"https:\/\/linitiative.ca\/International\/wp-json\/wp\/v2\/comments?post=144117"}],"version-history":[{"count":0,"href":"https:\/\/linitiative.ca\/International\/wp-json\/wp\/v2\/posts\/144117\/revisions"}],"wp:attachment":[{"href":"https:\/\/linitiative.ca\/International\/wp-json\/wp\/v2\/media?parent=144117"}],"wp:term":[{"taxonomy":"category","embeddable":true,"href":"https:\/\/linitiative.ca\/International\/wp-json\/wp\/v2\/categories?post=144117"},{"taxonomy":"post_tag","embeddable":true,"href":"https:\/\/linitiative.ca\/International\/wp-json\/wp\/v2\/tags?post=144117"}],"curies":[{"name":"wp","href":"https:\/\/api.w.org\/{rel}","templated":true}]}}