{"id":144119,"date":"2022-03-27T15:13:21","date_gmt":"2022-03-27T19:13:21","guid":{"rendered":"https:\/\/linitiative.ca\/International\/ebolowa-akom-ii-kribi-les-dernieres-contraintes-a-lever-avant-le-lancement-des-travaux\/"},"modified":"2022-03-27T15:13:21","modified_gmt":"2022-03-27T19:13:21","slug":"ebolowa-akom-ii-kribi-les-dernieres-contraintes-a-lever-avant-le-lancement-des-travaux","status":"publish","type":"post","link":"https:\/\/linitiative.ca\/International\/ebolowa-akom-ii-kribi-les-dernieres-contraintes-a-lever-avant-le-lancement-des-travaux\/","title":{"rendered":"Ebolowa\u2013Akom II\u2013Kribi\u00a0: les derni\u00e8res contraintes \u00e0 lever avant le lancement des travaux"},"content":{"rendered":"<div>\n<p>Les travaux de construction de la route Ebolowa \u2013 Akom II \u2013 Kribi ne vont pas commencer au moins avant un mois. D\u2019apr\u00e8s Roberto Constantini, le directeur Afrique de ICM Construction, ce chantier attendu depuis des ann\u00e9es par les populations riveraines, ne va d\u00e9buter qu\u2019au second semestre de l\u2019ann\u00e9e en cours. L\u2019annonce a \u00e9t\u00e9 faite mercredi 23 mars 2022,\u00a0 en marge de la signature\u00a0 du contrat faisant de l\u2019entreprise italienne, l\u2019entit\u00e9 adjudicataire de ce march\u00e9. Toutefois, aucune pr\u00e9cision n\u2019a \u00e9t\u00e9 faite sur la date exacte \u00e0 laquelle les premiers engins vont \u00eatre d\u00e9ploy\u00e9s sur le site. Ce qu\u2019on l\u2019on sait avec exactitude, c\u2019est que d\u2019apr\u00e8s le contrat qui lie d\u00e9sormais les deux parties, ICM va devoir\u00a0 construire 179,2 km de route entre Ebolowa, Akom II et Kribi dans un d\u00e9lai de 36 mois.<\/p>\n<p>L\u2019accord pr\u00e9voit \u00e9galement l\u2019am\u00e9nagement des voies de contournement dans chacune des trois villes suscit\u00e9es. Tout cela pour un montant global de 122,394 milliards de F (TTC), qui sera mis \u00e0 disposition sous forme de pr\u00eat, par la Standard Chartered Bank. Seul b\u00e9mol, l\u2019argent sollicit\u00e9 n\u2019a pas encore \u00e9t\u00e9 mobilis\u00e9. Des n\u00e9gociations sont en train d\u2019\u00eatre men\u00e9es \u00e0 cet effet\u00a0 avec cet \u00e9tablissement bancaire, sous la houlette du minist\u00e8re de l\u2019Economie, de la planification et de l\u2019am\u00e9nagement du territoire et de la Caisse autonome d\u2019amortissement. Toutefois, \u00e0 en croire Roberto Constantini, \u00abd\u00e8s le second semestre 2022, tout sera OK\u00a0\u00bb, a-t-il indiqu\u00e9. Et d\u2019ajouter qu\u2019\u00abil y a de petites choses \u00e0 mettre en ordre. Notamment avec les bailleurs. Il s\u2019agit des questions d\u2019ordre technique, comme la pr\u00e9paration des \u00e9tudes, la mobilisation\u00bb.<\/p>\n<p>En dehors de la mobilisation de l\u2019enveloppe budg\u00e9taire n\u00e9cessaire \u00e0 la concr\u00e9tisation de ce chantier. Il va \u00e9galement falloir boucler le dossier de recrutement des entreprises qui vont s\u2019occuper du contr\u00f4le technique et des op\u00e9rations de mise en \u0153uvre. L\u2019on se rappelle que le 25 f\u00e9vrier 2022, Emmanuel Ngannou Djoumessi, le ministre des Travaux Public (Mintp) a saisi par voie de correspondance, le Secr\u00e9taire g\u00e9n\u00e9ral\u00a0 de la pr\u00e9sidence de la R\u00e9publique, Ferdinand Ngoh Ngoh. Comme indiqu\u00e9 dans ledit document, le Mintp sollicitait une autorisation pour passer deux march\u00e9s de gr\u00e9 \u00e0 gr\u00e9, d\u2019un montant global de 8 milliards F, avec le Groupement Bet Dar Group\/ Ecta-Btp (6 milliards) et le Labogenie (2 milliards F) pour la r\u00e9alisation des prestations susmentionn\u00e9es. Mais jusqu\u2019\u00e0 pr\u00e9sent, la r\u00e9ponse d\u2019Etoudi est\u00a0\u00abtoujours attendue\u00bb,pr\u00e9cisait le Mintp dans sa correspondance. Toute chose qui fait craindre un nouveau glissement.<\/p>\n<p>L\u2019article <a rel=\"nofollow\" href=\"https:\/\/ecomatin.net\/ebolowa-akom-ii-kribi-les-dernieres-contraintes-a-lever-avant-le-lancement-des-travaux\/\">Ebolowa\u2013Akom II\u2013Kribi\u00a0: les derni\u00e8res contraintes \u00e0 lever avant le lancement des travaux<\/a> est apparu en premier sur <a rel=\"nofollow\" href=\"https:\/\/ecomatin.net\/\">EcoMatin<\/a>.<\/p>\n<\/div>\n<p>Auteur: Paul Tjeg<br \/>\n<a href=\"https:\/\/ecomatin.net\/ebolowa-akom-ii-kribi-les-dernieres-contraintes-a-lever-avant-le-lancement-des-travaux\/\">Cliquez ici pour lire l&rsquo;article depuis sa source.<\/a><\/p>\n","protected":false},"excerpt":{"rendered":"<p>Les travaux de construction de la route Ebolowa \u2013 Akom II \u2013 Kribi ne vont pas commencer au moins avant un mois. D\u2019apr\u00e8s Roberto Constantini, le directeur Afrique de ICM Construction, ce chantier attendu depuis des ann\u00e9es par les populations riveraines, ne va d\u00e9buter qu\u2019au second semestre de l\u2019ann\u00e9e en cours. L\u2019annonce a \u00e9t\u00e9 faite [&hellip;]<\/p>\n","protected":false},"author":1969,"featured_media":0,"comment_status":"closed","ping_status":"closed","sticky":false,"template":"","format":"standard","meta":{"fifu_image_url":"","fifu_image_alt":"","footnotes":""},"categories":[82,78],"tags":[],"class_list":["post-144119","post","type-post","status-publish","format-standard","hentry","category-cameroun","category-economie"],"_links":{"self":[{"href":"https:\/\/linitiative.ca\/International\/wp-json\/wp\/v2\/posts\/144119","targetHints":{"allow":["GET"]}}],"collection":[{"href":"https:\/\/linitiative.ca\/International\/wp-json\/wp\/v2\/posts"}],"about":[{"href":"https:\/\/linitiative.ca\/International\/wp-json\/wp\/v2\/types\/post"}],"author":[{"embeddable":true,"href":"https:\/\/linitiative.ca\/International\/wp-json\/wp\/v2\/users\/1969"}],"replies":[{"embeddable":true,"href":"https:\/\/linitiative.ca\/International\/wp-json\/wp\/v2\/comments?post=144119"}],"version-history":[{"count":0,"href":"https:\/\/linitiative.ca\/International\/wp-json\/wp\/v2\/posts\/144119\/revisions"}],"wp:attachment":[{"href":"https:\/\/linitiative.ca\/International\/wp-json\/wp\/v2\/media?parent=144119"}],"wp:term":[{"taxonomy":"category","embeddable":true,"href":"https:\/\/linitiative.ca\/International\/wp-json\/wp\/v2\/categories?post=144119"},{"taxonomy":"post_tag","embeddable":true,"href":"https:\/\/linitiative.ca\/International\/wp-json\/wp\/v2\/tags?post=144119"}],"curies":[{"name":"wp","href":"https:\/\/api.w.org\/{rel}","templated":true}]}}