{"id":144125,"date":"2022-03-28T07:07:51","date_gmt":"2022-03-28T11:07:51","guid":{"rendered":"https:\/\/linitiative.ca\/International\/acier-vert-tout-savoir-sur-les-ambitions-de-sonasid\/"},"modified":"2022-03-28T07:07:51","modified_gmt":"2022-03-28T11:07:51","slug":"acier-vert-tout-savoir-sur-les-ambitions-de-sonasid","status":"publish","type":"post","link":"https:\/\/linitiative.ca\/International\/acier-vert-tout-savoir-sur-les-ambitions-de-sonasid\/","title":{"rendered":"Acier vert : Tout savoir sur les ambitions de Sonasid"},"content":{"rendered":"<div>\n<p><img loading=\"lazy\" decoding=\"async\" width=\"300\" height=\"153\" src=\"https:\/\/linitiative.ca\/International\/wp-content\/uploads\/sites\/23\/2022\/03\/Sonasid-300x153-1.jpg\" class=\"attachment-medium size-medium wp-post-image\" alt=\"\" srcset=\"https:\/\/linitiative.ca\/International\/wp-content\/uploads\/sites\/23\/2022\/03\/Sonasid-300x153-1.jpg 300w, https:\/\/aujourdhui.ma\/wp-content\/uploads\/2016\/06\/Sonasid.jpg 746w\" sizes=\"auto, (max-width: 300px) 100vw, 300px\"><\/p>\n<p><span style=\"color: #800000;\"><strong>Sonasid s\u2019engage \u00e0 r\u00e9ussir le virage environnemental et \u00eatre au rendez-vous international.<\/strong> <\/span><span id=\"more-403631\"><\/span><\/p>\n<p>Le sid\u00e9rurgiste marocain entame depuis un moment une transition \u00e9cologiste de ses proc\u00e9d\u00e9s. Une transformation qui le positionnera parmi les premiers industriels au monde \u00e0 produire de l\u2019acier vert. Le but \u00e9tant d\u2019\u00eatre conforme aux normes ESG et \u00eatre irr\u00e9prochable sur le plan environnemental d\u2019ici 2026. \u00abLa taxe carbone qui fait son entr\u00e9e dans le paysage europ\u00e9en nous ouvrira des opportunit\u00e9s importantes pour \u00eatre les premiers producteurs \u00e0 mettre sur le march\u00e9 europ\u00e9en un produit totalement vert\u00bb, peut-on relever d\u2019Ismail Akalay, directeur g\u00e9n\u00e9ral de Sonasid. La concr\u00e9tisation de cette ambition se fera d\u00e8s 2023.<\/p>\n<p>Date durant laquelle Sonasid et Nareva rendront op\u00e9rationnelle leur station photovolta\u00efque \u00e0 Nador. Ceci permettra \u00e0 Sonasid d\u2019\u00e9lever la part de sa production verte \u00e0 100% contre 85% \u00e0 ce jour. Parmi les efforts consentis par l\u2019industriel en termes de verdissement de ces modes op\u00e9ratoires, on cite une \u00e9conomie carbone annuelle de 200.000 tonnes. \u00abNous avons aujourd\u2019hui une bataille \u00e0 mener avec les autorit\u00e9s marocaines parce que le cr\u00e9dit carbone marocain n\u2019est pas encore reconnu par la Bourse europ\u00e9enne d\u00e9di\u00e9e. Aujourd\u2019hui les industriels europ\u00e9ens ach\u00e8tent le cr\u00e9dit carbone \u00e0 80 euros la tonne\u00bb, souligne M. Akalay. Et de poursuivre qu\u2019\u00abil faut que le gouvernement marocain fasse une d\u00e9marche aupr\u00e8s de l\u2019ONU pour que le syst\u00e8me de compensation soit reconnu par les instances internationales. Pour le management de Sonasid, la commercialisation du carbone \u00e9conomis\u00e9 se veut une cr\u00e9ation de valeur int\u00e9ressante. Ceci permettrait \u00e0 l\u2019industriel d\u2019am\u00e9liorer ses fondamentaux.<\/p>\n<p><span style=\"color: #ff0000;\"><strong>La fibre d\u2019acier fait son entr\u00e9e<\/strong><\/span><br \/>\nPour 2022, Sonasid s\u2019appr\u00eate \u00e0 lancer sur le march\u00e9 national une innovation. Il s\u2019agit de la fibre d\u2019acier. Un produit niche qui se d\u00e9veloppe consid\u00e9rablement sur les march\u00e9s nord-europ\u00e9en et am\u00e9ricain. Sa mise en place automatisera la production du b\u00e9ton, contribuera \u00e0 la r\u00e9duction des accidents et garantira davantage de rentabilit\u00e9 \u00e0 l\u2019entreprise. \u00ab80% de la production que nous aurons \u00e0 partir du 4\u00e8me trimestre de cette ann\u00e9e sera destin\u00e9e au march\u00e9 nord-am\u00e9ricain en l\u2019occurrence le Canada et les Etats-Unis. Nous allons en profiter pour commercialiser cette fibre sur le march\u00e9 marocain et convaincre les entreprises de g\u00e9nie civil de l\u2019utiliser \u00bb, affirme M. Akalay. Et de pr\u00e9ciser que \u00ab c\u2019est un produit qui va nous permettre de baisser la proportion de commodities dans notre portefeuille de projet sur le march\u00e9\u00bb. La production de la fibre d\u2019acier permettra \u00e9galement \u00e0 Sonasid de diversifier ses march\u00e9s. Les regards sont ainsi tourn\u00e9s vers le march\u00e9 du Moyen-Orient. Le march\u00e9 isra\u00e9lien est \u00e9galement sous les radars de Sonasid. \u00ab C\u2019est un march\u00e9 qui nous int\u00e9resse. Je sais qu\u2019il y a une demande. Il faut juste ma\u00eetriser la logistique\u00bb, affirme le directeur g\u00e9n\u00e9ral de Sonasid.<\/p>\n<p><span style=\"color: #ff0000;\"><strong>Lancement d\u2019un laboratoire de recherches<\/strong><\/span><br \/>\nPour Sonasid, l\u2019acier joue un r\u00f4le d\u00e9terminant dans le d\u00e9veloppement du pays. Conscient de cet enjeu, l\u2019industriel participe aux grands chantiers du Maroc. Citons dans ce sens, le port de Nador (120.000 tonnes d\u2019acier), le port de La\u00e2youne (50.000 tonnes), le port de Dakhla (100.000 tonnes), la ligne grande vitesse Casablanca-Marrakech, etc. \u00abCe produit est strat\u00e9gique. Il faut que les entreprises telles que Sonasid puissent d\u00e9velopper et mettre sur le march\u00e9 des produits nouveaux afin de r\u00e9pondre \u00e0 la demande croissante du march\u00e9\u00bb. C\u2019est dans cette optique que Sonasid ouvrira cette ann\u00e9e un laboratoire de recherche. \u00abNous avons d\u00e9cid\u00e9 de nous lancer dans la recherche et d\u00e9veloppement pour permettre aux chercheurs marocains de d\u00e9velopper des produits sp\u00e9cifiques au march\u00e9 marocain et avoir des portefeuilles produits avec des aciers beaucoup plus sp\u00e9ciaux et \u00e9labor\u00e9s\u00bb, souligne M. Akalay. Pour Sonasid, le choix de la R&amp;D est d\u00e9terminant, notamment en cette conjoncture. \u00abLa R&amp;D permet de faire face \u00e0 toute sorte de crise. Ce qui est important dans notre cycle\u00bb, apprend-on du management de Sonasid.<\/p>\n<p><span style=\"color: #ff0000;\"><strong>Le pr\u00e9scolaire et la sant\u00e9 de la femme au c\u0153ur des priorit\u00e9s<\/strong><\/span><br \/>\nSur le plan humain, le management de Sonasid s\u2019engage dans une nouvelle vision de la RSE. Il a \u00e9t\u00e9 d\u00e9cid\u00e9 dans ce sens d\u2019investir davantage dans le pr\u00e9scolaire autour de ses unit\u00e9s industrielles. Il sera proc\u00e9d\u00e9 dans ce sens \u00e0 l\u2019ouverture de 6 classes durant cette ann\u00e9e. Sonasid qui pr\u00eate une grande importance \u00e0 l\u2019approche genre dans ses instances de gouvernance, s\u2019int\u00e9resse \u00e0 la sant\u00e9 des femmes. Une grande op\u00e9ration sera lanc\u00e9e dans son p\u00e9rim\u00e8tre d\u2019action pour d\u00e9tecter la carence en fer et contribuer ainsi \u00e0 faire face aux probl\u00e8mes d\u2019an\u00e9mie aupr\u00e8s des femmes des villages mitoyens \u00e0 ses unit\u00e9s de production.<\/p>\n<div class=\"base-box mom_box_sc_custom mom_box_sc clear\" style=\"-moz-border-radius: 5px; border-radius: 5px;background-color:#fdd8c6;\">\n<p><strong><span style=\"color: #ff0000;\">Un chiffre d\u2019affaires de pr\u00e8s de<\/span> 4,5 milliards de dirhams en 2021<\/strong><\/p>\n<p>Au titre de l\u2019exercice 2021, Sonasid a r\u00e9alis\u00e9 un chiffre d\u2019affaires de l\u2019ordre de 4,49 milliards de dirhams marquant ainsi une hausse de 4,2% par rapport \u00e0 2020 et de 24% par rapport \u00e0 2019. Une performance qui est induite par un effet prix favorable dans un contexte marqu\u00e9 par la hausse des prix des intrants sur le march\u00e9 international ainsi qu\u2019une reprise de la demande sur le march\u00e9 de la construction. Le Groupe a par ailleurs g\u00e9n\u00e9r\u00e9 un EBITDA en consolidation de 197 millions de dirhams se situant ainsi autour de 315 millions de dirhams. En termes de profitabilit\u00e9, elle repr\u00e9sente 7% du chiffre d\u2019affaires soit une am\u00e9lioration de 3,3 points par rapport \u00e0 2020 et de 4 points compar\u00e9 \u00e0 2021. Une dynamique qui est soutenue par la mise en \u0153uvre de plusieurs initiatives strat\u00e9giques. Le but \u00e9tant d\u2019atteindre l\u2019excellence op\u00e9rationnelle par l\u2019optimisation des ratios de consommation industrielle en particulier la ferraille et la consommation \u00e9lectrique. Il est \u00e9galement question de renforcer la comp\u00e9titivit\u00e9 co\u00fbt en agissant sur les charges d\u2019exploitation et g\u00e9n\u00e9rer une \u00e9conomie d\u2019\u00e9chelle induite par la croissance des volumes de vente sur le march\u00e9 domestique et le d\u00e9veloppement d\u2019une offre export comp\u00e9titive.<\/p>\n<\/div>\n<\/div>\n<p>Auteur: Kawtar Tali<br \/>\n<a href=\"https:\/\/aujourdhui.ma\/economie\/acier-vert-tout-savoir-sur-les-ambitions-de-sonasid\">Cliquez ici pour lire l&rsquo;article depuis sa source.<\/a><\/p>\n","protected":false},"excerpt":{"rendered":"<p>Sonasid s\u2019engage \u00e0 r\u00e9ussir le virage environnemental et \u00eatre au rendez-vous international. Le sid\u00e9rurgiste marocain entame depuis un moment une transition \u00e9cologiste de ses proc\u00e9d\u00e9s. Une transformation qui le positionnera parmi les premiers industriels au monde \u00e0 produire de l\u2019acier vert. Le but \u00e9tant d\u2019\u00eatre conforme aux normes ESG et \u00eatre irr\u00e9prochable sur le plan [&hellip;]<\/p>\n","protected":false},"author":1759,"featured_media":0,"comment_status":"closed","ping_status":"closed","sticky":false,"template":"","format":"standard","meta":{"fifu_image_url":"https:\/\/aujourdhui.ma\/wp-content\/uploads\/2016\/06\/Sonasid-300x153.jpg","fifu_image_alt":"Acier vert : Tout savoir sur les ambitions de Sonasid","footnotes":""},"categories":[73,54],"tags":[],"class_list":["post-144125","post","type-post","status-publish","format-standard","hentry","category-actualite","category-maroc"],"_links":{"self":[{"href":"https:\/\/linitiative.ca\/International\/wp-json\/wp\/v2\/posts\/144125","targetHints":{"allow":["GET"]}}],"collection":[{"href":"https:\/\/linitiative.ca\/International\/wp-json\/wp\/v2\/posts"}],"about":[{"href":"https:\/\/linitiative.ca\/International\/wp-json\/wp\/v2\/types\/post"}],"author":[{"embeddable":true,"href":"https:\/\/linitiative.ca\/International\/wp-json\/wp\/v2\/users\/1759"}],"replies":[{"embeddable":true,"href":"https:\/\/linitiative.ca\/International\/wp-json\/wp\/v2\/comments?post=144125"}],"version-history":[{"count":0,"href":"https:\/\/linitiative.ca\/International\/wp-json\/wp\/v2\/posts\/144125\/revisions"}],"wp:attachment":[{"href":"https:\/\/linitiative.ca\/International\/wp-json\/wp\/v2\/media?parent=144125"}],"wp:term":[{"taxonomy":"category","embeddable":true,"href":"https:\/\/linitiative.ca\/International\/wp-json\/wp\/v2\/categories?post=144125"},{"taxonomy":"post_tag","embeddable":true,"href":"https:\/\/linitiative.ca\/International\/wp-json\/wp\/v2\/tags?post=144125"}],"curies":[{"name":"wp","href":"https:\/\/api.w.org\/{rel}","templated":true}]}}