{"id":144129,"date":"2022-03-28T09:30:24","date_gmt":"2022-03-28T13:30:24","guid":{"rendered":"https:\/\/linitiative.ca\/International\/video-ceremonie-de-remise-des-trophees-de-la-3e-edition-du-prix-de-lenseignant-e-de-lannee\/"},"modified":"2022-03-28T09:30:24","modified_gmt":"2022-03-28T13:30:24","slug":"video-ceremonie-de-remise-des-trophees-de-la-3e-edition-du-prix-de-lenseignant-e-de-lannee","status":"publish","type":"post","link":"https:\/\/linitiative.ca\/International\/video-ceremonie-de-remise-des-trophees-de-la-3e-edition-du-prix-de-lenseignant-e-de-lannee\/","title":{"rendered":"Vid\u00e9o : C\u00e9r\u00e9monie de remise des troph\u00e9es de la 3\u00e8 \u00e9dition du Prix de l\u2019Enseignant (e) de l\u2019ann\u00e9e"},"content":{"rendered":"<div>\n<p><img loading=\"lazy\" decoding=\"async\" width=\"300\" height=\"153\" src=\"https:\/\/linitiative.ca\/International\/wp-content\/uploads\/sites\/23\/2022\/03\/Chakib-Benmoussa-300x153-1.jpg\" class=\"attachment-medium size-medium wp-post-image\" alt=\"\" srcset=\"https:\/\/linitiative.ca\/International\/wp-content\/uploads\/sites\/23\/2022\/03\/Chakib-Benmoussa-300x153-1.jpg 300w, https:\/\/aujourdhui.ma\/wp-content\/uploads\/2022\/03\/Chakib-Benmoussa-274x140.jpg 274w, https:\/\/aujourdhui.ma\/wp-content\/uploads\/2022\/03\/Chakib-Benmoussa.jpg 746w, https:\/\/aujourdhui.ma\/wp-content\/uploads\/2022\/03\/Chakib-Benmoussa-165x84.jpg 165w, https:\/\/aujourdhui.ma\/wp-content\/uploads\/2022\/03\/Chakib-Benmoussa-702x358.jpg 702w\" sizes=\"auto, (max-width: 300px) 100vw, 300px\"><\/p>\n<p><span style=\"color: #800000; font-size: 20px;\"><strong>La c\u00e9r\u00e9monie de remise des Troph\u00e9es de la 3\u00e8me \u00e9dition du Prix de l\u2019Enseignant (e) de l\u2019ann\u00e9e 2021, a \u00e9t\u00e9 organis\u00e9e samedi soir \u00e0 Marrakech, \u00e0 l\u2019initiative du minist\u00e8re de l\u2019Education Nationale, du Pr\u00e9scolaire et des Sports, en partenariat avec la Fondation Zahid.<\/strong><\/span><span id=\"more-403636\"><\/span><\/p>\n<p>Rehauss\u00e9e par la pr\u00e9sence, notamment du ministre de l\u2019Education Nationale, du Pr\u00e9scolaire et des Sports, M. Chakib Benmoussa, du wali de la r\u00e9gion Marrakech-Safi, gouverneur de la pr\u00e9fecture de Marrakech, M. Karim Kassi-Lahlou, et du pr\u00e9sident du Conseil R\u00e9gional, M. Samir Goudar, cette c\u00e9r\u00e9monie a \u00e9t\u00e9 l\u2019occasion de mettre en lumi\u00e8re les objectifs de ce Prix, entre autres, de rendre hommage aux enseignantes et enseignants, et d\u2019encourager leurs initiatives innovantes.<\/p>\n<p><strong>Reportage Chafik Arich<\/strong><\/p>\n<\/div>\n<p>Auteur: ALM<br \/>\n<a href=\"https:\/\/aujourdhui.ma\/videos\/video-ceremonie-de-remise-des-trophees-de-la-3e-edition-du-prix-de-lenseignant-e-de-lannee\">Cliquez ici pour lire l&rsquo;article depuis sa source.<\/a><\/p>\n","protected":false},"excerpt":{"rendered":"<p>La c\u00e9r\u00e9monie de remise des Troph\u00e9es de la 3\u00e8me \u00e9dition du Prix de l\u2019Enseignant (e) de l\u2019ann\u00e9e 2021, a \u00e9t\u00e9 organis\u00e9e samedi soir \u00e0 Marrakech, \u00e0 l\u2019initiative du minist\u00e8re de l\u2019Education Nationale, du Pr\u00e9scolaire et des Sports, en partenariat avec la Fondation Zahid. Rehauss\u00e9e par la pr\u00e9sence, notamment du ministre de l\u2019Education Nationale, du Pr\u00e9scolaire [&hellip;]<\/p>\n","protected":false},"author":1759,"featured_media":0,"comment_status":"closed","ping_status":"closed","sticky":false,"template":"","format":"standard","meta":{"fifu_image_url":"https:\/\/aujourdhui.ma\/wp-content\/uploads\/2022\/03\/Chakib-Benmoussa-300x153.jpg","fifu_image_alt":"Vid\u00e9o : C\u00e9r\u00e9monie de remise des troph\u00e9es de la 3\u00e8 \u00e9dition du Prix de l\u2019Enseignant (e) de l\u2019ann\u00e9e","footnotes":""},"categories":[73,54],"tags":[],"class_list":["post-144129","post","type-post","status-publish","format-standard","hentry","category-actualite","category-maroc"],"_links":{"self":[{"href":"https:\/\/linitiative.ca\/International\/wp-json\/wp\/v2\/posts\/144129","targetHints":{"allow":["GET"]}}],"collection":[{"href":"https:\/\/linitiative.ca\/International\/wp-json\/wp\/v2\/posts"}],"about":[{"href":"https:\/\/linitiative.ca\/International\/wp-json\/wp\/v2\/types\/post"}],"author":[{"embeddable":true,"href":"https:\/\/linitiative.ca\/International\/wp-json\/wp\/v2\/users\/1759"}],"replies":[{"embeddable":true,"href":"https:\/\/linitiative.ca\/International\/wp-json\/wp\/v2\/comments?post=144129"}],"version-history":[{"count":0,"href":"https:\/\/linitiative.ca\/International\/wp-json\/wp\/v2\/posts\/144129\/revisions"}],"wp:attachment":[{"href":"https:\/\/linitiative.ca\/International\/wp-json\/wp\/v2\/media?parent=144129"}],"wp:term":[{"taxonomy":"category","embeddable":true,"href":"https:\/\/linitiative.ca\/International\/wp-json\/wp\/v2\/categories?post=144129"},{"taxonomy":"post_tag","embeddable":true,"href":"https:\/\/linitiative.ca\/International\/wp-json\/wp\/v2\/tags?post=144129"}],"curies":[{"name":"wp","href":"https:\/\/api.w.org\/{rel}","templated":true}]}}