{"id":144131,"date":"2022-03-28T08:00:00","date_gmt":"2022-03-28T12:00:00","guid":{"rendered":"https:\/\/linitiative.ca\/International\/said-benrahma-rejoint-les-verts-a-sidi-moussa\/"},"modified":"2022-03-28T08:00:00","modified_gmt":"2022-03-28T12:00:00","slug":"said-benrahma-rejoint-les-verts-a-sidi-moussa","status":"publish","type":"post","link":"https:\/\/linitiative.ca\/International\/said-benrahma-rejoint-les-verts-a-sidi-moussa\/","title":{"rendered":"Sa\u00efd Benrahma rejoint les Verts \u00e0 Sidi Moussa"},"content":{"rendered":"<div>Le s\u00e9lectionneur national, Djamel Belmadi, a fait appel \u00e0 l&rsquo;attaquant de West Ham, Sa\u00efd Benrahma, en pr\u00e9vision du match face au Cameroun, en barrage retour des \u00e9liminatoires de la Coupe du monde 2022 au Qatar, pr\u00e9vu mardi (20h30) au stade Tchaker.<\/div>\n<p>Auteur:<br \/>\n<a href=\"https:\/\/www.liberte-algerie.com\/sports\/said-benrahma-rejoint-les-verts-a-sidi-moussa-375615\">Cliquez ici pour lire l&rsquo;article depuis sa source.<\/a><\/p>\n","protected":false},"excerpt":{"rendered":"<p>Le s\u00e9lectionneur national, Djamel Belmadi, a fait appel \u00e0 l&rsquo;attaquant de West Ham, Sa\u00efd Benrahma, en pr\u00e9vision du match face au Cameroun, en barrage retour des \u00e9liminatoires de la Coupe du monde 2022 au Qatar, pr\u00e9vu mardi (20h30) au stade Tchaker. Auteur: Cliquez ici pour lire l&rsquo;article depuis sa source.<\/p>\n","protected":false},"author":1742,"featured_media":0,"comment_status":"closed","ping_status":"closed","sticky":false,"template":"","format":"standard","meta":{"fifu_image_url":"","fifu_image_alt":"","footnotes":""},"categories":[73,53],"tags":[],"class_list":["post-144131","post","type-post","status-publish","format-standard","hentry","category-actualite","category-algerie"],"_links":{"self":[{"href":"https:\/\/linitiative.ca\/International\/wp-json\/wp\/v2\/posts\/144131","targetHints":{"allow":["GET"]}}],"collection":[{"href":"https:\/\/linitiative.ca\/International\/wp-json\/wp\/v2\/posts"}],"about":[{"href":"https:\/\/linitiative.ca\/International\/wp-json\/wp\/v2\/types\/post"}],"author":[{"embeddable":true,"href":"https:\/\/linitiative.ca\/International\/wp-json\/wp\/v2\/users\/1742"}],"replies":[{"embeddable":true,"href":"https:\/\/linitiative.ca\/International\/wp-json\/wp\/v2\/comments?post=144131"}],"version-history":[{"count":0,"href":"https:\/\/linitiative.ca\/International\/wp-json\/wp\/v2\/posts\/144131\/revisions"}],"wp:attachment":[{"href":"https:\/\/linitiative.ca\/International\/wp-json\/wp\/v2\/media?parent=144131"}],"wp:term":[{"taxonomy":"category","embeddable":true,"href":"https:\/\/linitiative.ca\/International\/wp-json\/wp\/v2\/categories?post=144131"},{"taxonomy":"post_tag","embeddable":true,"href":"https:\/\/linitiative.ca\/International\/wp-json\/wp\/v2\/tags?post=144131"}],"curies":[{"name":"wp","href":"https:\/\/api.w.org\/{rel}","templated":true}]}}