{"id":144132,"date":"2022-03-28T08:00:00","date_gmt":"2022-03-28T12:00:00","guid":{"rendered":"https:\/\/linitiative.ca\/International\/une-peine-de-10-ans-de-prison-ferme-requise-contre-khalida-toumi\/"},"modified":"2022-03-28T08:00:00","modified_gmt":"2022-03-28T12:00:00","slug":"une-peine-de-10-ans-de-prison-ferme-requise-contre-khalida-toumi","status":"publish","type":"post","link":"https:\/\/linitiative.ca\/International\/une-peine-de-10-ans-de-prison-ferme-requise-contre-khalida-toumi\/","title":{"rendered":"Une peine de 10 ans de prison ferme requise contre Khalida Toumi"},"content":{"rendered":"<div>Le Procureur de la R\u00e9publique pr\u00e8s le P\u00f4le p\u00e9nal \u00e9conomique et financier du Tribunal de Sidi M&rsquo;hamed (Alger) a requis lundi une peine de dix ans de prison ferme assortie d&rsquo;une amende d&rsquo;un million de dinars \u00e0 l&rsquo;encontre de Khalida Toumi<\/div>\n<p>Auteur:<br \/>\n<a href=\"https:\/\/www.liberte-algerie.com\/actualite\/une-peine-de-10-ans-de-prison-ferme-requise-contre-khalida-toumi-375614\">Cliquez ici pour lire l&rsquo;article depuis sa source.<\/a><\/p>\n","protected":false},"excerpt":{"rendered":"<p>Le Procureur de la R\u00e9publique pr\u00e8s le P\u00f4le p\u00e9nal \u00e9conomique et financier du Tribunal de Sidi M&rsquo;hamed (Alger) a requis lundi une peine de dix ans de prison ferme assortie d&rsquo;une amende d&rsquo;un million de dinars \u00e0 l&rsquo;encontre de Khalida Toumi Auteur: Cliquez ici pour lire l&rsquo;article depuis sa source.<\/p>\n","protected":false},"author":1742,"featured_media":0,"comment_status":"closed","ping_status":"closed","sticky":false,"template":"","format":"standard","meta":{"fifu_image_url":"","fifu_image_alt":"","footnotes":""},"categories":[73,53],"tags":[],"class_list":["post-144132","post","type-post","status-publish","format-standard","hentry","category-actualite","category-algerie"],"_links":{"self":[{"href":"https:\/\/linitiative.ca\/International\/wp-json\/wp\/v2\/posts\/144132","targetHints":{"allow":["GET"]}}],"collection":[{"href":"https:\/\/linitiative.ca\/International\/wp-json\/wp\/v2\/posts"}],"about":[{"href":"https:\/\/linitiative.ca\/International\/wp-json\/wp\/v2\/types\/post"}],"author":[{"embeddable":true,"href":"https:\/\/linitiative.ca\/International\/wp-json\/wp\/v2\/users\/1742"}],"replies":[{"embeddable":true,"href":"https:\/\/linitiative.ca\/International\/wp-json\/wp\/v2\/comments?post=144132"}],"version-history":[{"count":0,"href":"https:\/\/linitiative.ca\/International\/wp-json\/wp\/v2\/posts\/144132\/revisions"}],"wp:attachment":[{"href":"https:\/\/linitiative.ca\/International\/wp-json\/wp\/v2\/media?parent=144132"}],"wp:term":[{"taxonomy":"category","embeddable":true,"href":"https:\/\/linitiative.ca\/International\/wp-json\/wp\/v2\/categories?post=144132"},{"taxonomy":"post_tag","embeddable":true,"href":"https:\/\/linitiative.ca\/International\/wp-json\/wp\/v2\/tags?post=144132"}],"curies":[{"name":"wp","href":"https:\/\/api.w.org\/{rel}","templated":true}]}}