{"id":144136,"date":"2022-03-28T12:12:38","date_gmt":"2022-03-28T16:12:38","guid":{"rendered":"https:\/\/linitiative.ca\/International\/la-radeema-tient-la-11e-edition-de-ses-jpo-avec-un-focus-sur-leau\/"},"modified":"2022-03-28T12:12:38","modified_gmt":"2022-03-28T16:12:38","slug":"la-radeema-tient-la-11e-edition-de-ses-jpo-avec-un-focus-sur-leau","status":"publish","type":"post","link":"https:\/\/linitiative.ca\/International\/la-radeema-tient-la-11e-edition-de-ses-jpo-avec-un-focus-sur-leau\/","title":{"rendered":"La RADEEMA tient la 11\u00e8 \u00e9dition de ses JPO, avec un focus sur l\u2019Eau"},"content":{"rendered":"<div>\n<div style=\"margin-bottom:20px;\"><img loading=\"lazy\" decoding=\"async\" width=\"750\" height=\"430\" src=\"https:\/\/linitiative.ca\/International\/wp-content\/uploads\/sites\/23\/2022\/03\/RADEEMA.jpg\" class=\"attachment-post-thumbnail size-post-thumbnail wp-post-image\" alt=\"\" srcset=\"https:\/\/linitiative.ca\/International\/wp-content\/uploads\/sites\/23\/2022\/03\/RADEEMA.jpg 750w, https:\/\/www.mapmarrakech.ma\/map\/uploads\/2022\/03\/RADEEMA-300x172.jpg 300w\" sizes=\"auto, (max-width: 750px) 100vw, 750px\"><\/div>\n<p>La RADEEMA, en partenariat avec l\u2019Agence du Bassin Hydraulique du Tensift, la Direction R\u00e9gionale de l\u2019Office National de l\u2019Electricit\u00e9 et d\u2019Eau Potable (ONEE)- Branche Eau, ainsi que la Direction R\u00e9gionale de l\u2019Environnement, se donnent ainsi rendez-vous \u00e0 cette 11\u00e8me \u00e9dition des JPO de ladite R\u00e9gie, un \u00e9v\u00e9nement plac\u00e9 sous le th\u00e8me \u00ab\u00a0Ensemble pour l\u2019\u00e9conomie d\u2019eau\u00a0\u00bb.<\/p>\n<p>Selon un communiqu\u00e9 de la RADEEMA, un parterre de professionnels, d\u2019universitaires, d\u2019\u00e9lus et d\u2019associations de Marrakech se r\u00e9unissent \u00e0 la place 16 Novembre \u00e0 Marrakech, pour d\u00e9couvrir les multiples efforts d\u00e9ploy\u00e9s, au quotidien, par la RADEEMA et les op\u00e9rateurs et intervenants locaux du secteur de l\u2019eau, en vue de p\u00e9renniser l\u2019alimentation en eau potable de la cit\u00e9 ocre ainsi que la sauvegarde de la ressource hydrique qui se fait de plus en plus rare.<\/p>\n<p>Ces JPO de la RADEEMA, ajoute la m\u00eame source, pr\u00e9sentent \u00e9galement une occasion d\u2019\u00e9change et de partage concernant les enjeux et les horizons de la bonne gouvernance du secteur de l\u2019eau au niveau r\u00e9gional, en exposant les travaux de la commission tripartite RADEEMA\/ABHT\/ONEE Branche Eau en vue de r\u00e9pondre aux exigences de l\u2019ensemble des parties prenantes et d\u2019atteindre ainsi, les objectifs attendus en terme de rationalisation de la consommation de cette ressource.<\/p>\n<p>Par ailleurs, la RADEEMA et ses partenaires misent sur la sensibilisation du jeune public en mettant \u00e0 sa disposition des outils ludiques d\u2019apprentissage \u00e0 m\u00eame de favoriser une \u00e9ducation citoyenne \u00e0 l\u2019Eau, lit-on dans le communiqu\u00e9.<\/p>\n<p>Au menu de ces JPO, figurent des projections et des expos\u00e9s th\u00e9matiques visant une implication pr\u00e9coce face \u00e0 la situation hydrique au niveau de la r\u00e9gion et qui n\u00e9cessite, davantage, de prise de conscience collective pour une p\u00e9rennisation durable de cette denr\u00e9e vitale.<\/p>\n<p>Il est \u00e0 noter que les efforts de la R\u00e9gie Autonomie d\u2019Eau et d\u2019Electricit\u00e9 de Marrakech s\u2019inscrivent en parfaite harmonie avec le plan prioritaire d\u2019approvisionnement en eau potable et d\u2019irrigation 2020-2027 et le Plan National de l\u2019Eau qui trace la feuille de route sur 30 ans pour la p\u00e9riode 2020-2050.<\/p>\n<p>A ce titre, la RADEEMA, \u00e0 travers sa STEP, a permis de d\u00e9velopper des ressources alternatives telles que l\u2019eau r\u00e9utilis\u00e9e, permettant l\u2019arrosage actuellement de 14 golfs en exploitation avec 18 en perspective, tient \u00e0 expliquer la m\u00eame source, faisant observer que la mobilisation de cette eau renouvelable, \u00e0 hauteur de 33 millions de m3 par an, permet \u00e9galement \u00e0 la R\u00e9gie d\u2019affirmer sa responsabilit\u00e9 soci\u00e9tale en se tournant vers l\u2019irrigation de la Palmeraie de Marrakech et des 26 jardins et espaces verts de la ville.<\/p>\n<p>Et de poursuivre que la RADEEMA s\u2019investit au quotidien par sa mobilisation et son engagement pour am\u00e9liorer en continu la performance de ses r\u00e9seaux, relevant que les actions entreprises, depuis 2013, par la RADEEMA ont permis aujourd\u2019hui l\u2019atteinte d\u2019un taux de rendement du r\u00e9seau d\u2019eau potable de 78,5%.<\/p>\n<p>Par ailleurs, et dans le but de s\u00e9curiser davantage l\u2019alimentation de la ville en eau potable, la RADEEMA vient de r\u00e9aliser un 3\u00e8 Complexe hydraulique 30.000 m3, situ\u00e9 au nord de la ville, pour une enveloppe de 50 millions de DH, accompagn\u00e9 d\u2019une ossature Nord, Est et Ouest, pour un investissement de plus de 100 millions de DH, pr\u00e9cise le communiqu\u00e9.<\/p>\n<p>Le nouveau r\u00e9servoir permet de porter la capacit\u00e9 de stockage \u00e0 165.500 m3 et va permettre une autonomie de r\u00e9serve de plus de 20 heures, explique la m\u00eame source, faisant savoir que la RADEEMA pr\u00e9voit \u00e0 l\u2019horizon 2023, de r\u00e9aliser un transfert des eaux du Nord vers les deux autres complexes Sud, un projet budg\u00e9tis\u00e9 \u00e0 290 millions de DH.<\/p>\n<p>The post <a rel=\"nofollow\" href=\"https:\/\/www.mapmarrakech.ma\/fr\/la-radeema-tient-la-11e-edition-de-ses-jpo-avec-un-focus-sur-leau\/\">La RADEEMA tient la 11\u00e8 \u00e9dition de ses JPO, avec un focus sur l\u2019Eau<\/a> appeared first on <a rel=\"nofollow\" href=\"https:\/\/www.mapmarrakech.ma\/fr\">MapMarrakech<\/a>.<\/p>\n<\/div>\n<p>Auteur: Meriem IGASS<br \/>\n<a href=\"https:\/\/www.mapmarrakech.ma\/fr\/la-radeema-tient-la-11e-edition-de-ses-jpo-avec-un-focus-sur-leau\/\">Cliquez ici pour lire l&rsquo;article depuis sa source.<\/a><\/p>\n","protected":false},"excerpt":{"rendered":"<p>La RADEEMA, en partenariat avec l\u2019Agence du Bassin Hydraulique du Tensift, la Direction R\u00e9gionale de l\u2019Office National de l\u2019Electricit\u00e9 et d\u2019Eau Potable (ONEE)- Branche Eau, ainsi que la Direction R\u00e9gionale de l\u2019Environnement, se donnent ainsi rendez-vous \u00e0 cette 11\u00e8me \u00e9dition des JPO de ladite R\u00e9gie, un \u00e9v\u00e9nement plac\u00e9 sous le th\u00e8me \u00ab\u00a0Ensemble pour l\u2019\u00e9conomie d\u2019eau\u00a0\u00bb. [&hellip;]<\/p>\n","protected":false},"author":1788,"featured_media":0,"comment_status":"closed","ping_status":"closed","sticky":false,"template":"","format":"standard","meta":{"fifu_image_url":"https:\/\/www.mapmarrakech.ma\/map\/uploads\/2022\/03\/RADEEMA.jpg","fifu_image_alt":"La RADEEMA tient la 11\u00e8 \u00e9dition de ses JPO, avec un focus sur l\u2019Eau","footnotes":""},"categories":[54,76],"tags":[],"class_list":["post-144136","post","type-post","status-publish","format-standard","hentry","category-maroc","category-regions"],"_links":{"self":[{"href":"https:\/\/linitiative.ca\/International\/wp-json\/wp\/v2\/posts\/144136","targetHints":{"allow":["GET"]}}],"collection":[{"href":"https:\/\/linitiative.ca\/International\/wp-json\/wp\/v2\/posts"}],"about":[{"href":"https:\/\/linitiative.ca\/International\/wp-json\/wp\/v2\/types\/post"}],"author":[{"embeddable":true,"href":"https:\/\/linitiative.ca\/International\/wp-json\/wp\/v2\/users\/1788"}],"replies":[{"embeddable":true,"href":"https:\/\/linitiative.ca\/International\/wp-json\/wp\/v2\/comments?post=144136"}],"version-history":[{"count":0,"href":"https:\/\/linitiative.ca\/International\/wp-json\/wp\/v2\/posts\/144136\/revisions"}],"wp:attachment":[{"href":"https:\/\/linitiative.ca\/International\/wp-json\/wp\/v2\/media?parent=144136"}],"wp:term":[{"taxonomy":"category","embeddable":true,"href":"https:\/\/linitiative.ca\/International\/wp-json\/wp\/v2\/categories?post=144136"},{"taxonomy":"post_tag","embeddable":true,"href":"https:\/\/linitiative.ca\/International\/wp-json\/wp\/v2\/tags?post=144136"}],"curies":[{"name":"wp","href":"https:\/\/api.w.org\/{rel}","templated":true}]}}