{"id":144138,"date":"2022-03-28T12:50:26","date_gmt":"2022-03-28T16:50:26","guid":{"rendered":"https:\/\/linitiative.ca\/International\/ouverture-du-9e-forum-mondial-de-lutte-contre-lesclavage-moderne\/"},"modified":"2022-03-28T12:50:26","modified_gmt":"2022-03-28T16:50:26","slug":"ouverture-du-9e-forum-mondial-de-lutte-contre-lesclavage-moderne","status":"publish","type":"post","link":"https:\/\/linitiative.ca\/International\/ouverture-du-9e-forum-mondial-de-lutte-contre-lesclavage-moderne\/","title":{"rendered":"Ouverture du 9\u00e8 Forum Mondial de lutte contre l\u2019esclavage moderne"},"content":{"rendered":"<div>\n<div style=\"margin-bottom:20px;\"><img loading=\"lazy\" decoding=\"async\" width=\"750\" height=\"430\" src=\"https:\/\/linitiative.ca\/International\/wp-content\/uploads\/sites\/23\/2022\/03\/forum-copier.jpg\" class=\"attachment-post-thumbnail size-post-thumbnail wp-post-image\" alt=\"\" srcset=\"https:\/\/linitiative.ca\/International\/wp-content\/uploads\/sites\/23\/2022\/03\/forum-copier.jpg 750w, https:\/\/www.mapmarrakech.ma\/map\/uploads\/2022\/03\/forum-copier-300x172.jpg 300w\" sizes=\"auto, (max-width: 750px) 100vw, 750px\"><\/div>\n<p>Plac\u00e9 sous le th\u00e8me \u00ab\u00a0Redynamiser la lutte contre l\u2019esclavage moderne : initier des r\u00e9ponses locales pour d\u00e9gager des solutions mondiales\u00a0\u00bb, l\u2019\u00e9v\u00e9nement, qui se poursuit jusqu\u2019au 30 mars, regroupe des repr\u00e9sentants de la soci\u00e9t\u00e9 civile, des cadres de l\u2019ONU, des responsables gouvernementaux, des chercheurs universitaires et aussi d\u2019anciennes victimes de la traite humaine.<\/p>\n<p>\u00ab\u00a0Trois jours durant, ce forum r\u00e9unit diff\u00e9rents acteurs qui viennent des quatre coins du monde pour r\u00e9fl\u00e9chir sur les solutions ad\u00e9quates visant \u00e0 \u00e9radiquer le ph\u00e9nom\u00e8ne de l\u2019esclavagisme moderne\u00a0\u00bb, a indiqu\u00e9 M. Bukeni Waruzi, Directeur \u00e9x\u00e9cutif de Free the Slaves, l\u2019ONG qui sert de secr\u00e9tariat au Forum, dans une d\u00e9claration \u00e0 la presse.<\/p>\n<p>Saluant les efforts \u00ab\u00a0remarquables\u00a0\u00bb consentis par le Maroc en mati\u00e8re de lutte cintre ce ph\u00e9nom\u00e8ne, M. Waruzi s\u2019est f\u00e9licit\u00e9 que le Royaume fait partie de l\u2019alliance des Nations Unies, baptis\u00e9e \u00ab\u00a0Alliance 8.7\u00a0\u00bb, qui vise \u00e0 prendre des mesures imm\u00e9diates et efficaces pour mettre fin \u00e0 l\u2019esclavage moderne d\u2019ici \u00e0 2025. \u00ab\u00a0Nous sommes tr\u00e8s contents et tr\u00e8s satisfaits que le gouvernement marocain fait partie de ce concert des nations qui sont pr\u00e9occup\u00e9es par cette question et qui font des efforts pour \u00e9radiquer ce ph\u00e9nom\u00e8ne\u00a0\u00bb, a-t-il ajout\u00e9.<\/p>\n<p>Pour sa part, le Secr\u00e9taire G\u00e9n\u00e9ral de la D\u00e9l\u00e9gation Interminist\u00e9rielle aux Droits de l\u2019Homme, M. Abdelkarim Boujradi, a indiqu\u00e9 que cette rencontre offre l\u2019opportunit\u00e9 de mener une analyse approfondie des priorit\u00e9s r\u00e9gionales en mati\u00e8re de lutte contre les formes contemporaines d\u2019esclavage, faisant savoir que cette analyse \u00ab\u00a0d\u00e9bouchera sans doute sur des orientations pour le renforcement de la vision et de la mission de ce mouvement et lui permettre d\u2019identifier des voies pertinentes et innovantes pour les trois prochaines ann\u00e9es, pour lutter contre ces pratiques esclavagistes\u00a0\u00bb.<\/p>\n<p>Elle constituera aussi une plateforme solide pour tisser des passerelles de coop\u00e9ration et de collaboration avec les diff\u00e9rentes parties prenantes, notamment les acteurs \u00e9tatiques, afin de mettre en place des solutions efficaces et p\u00e9rennes en mati\u00e8re de lutte contre ce fl\u00e9au, a-t-il relev\u00e9, invitant tous les Etats \u00e0 entreprendre des mesures fermes et concr\u00e8tes et \u00e0 renforcer leur coop\u00e9ration afin de s\u2019acquitter de leurs obligations en mati\u00e8re de lutte contre toutes les formes contemporaines d\u2019esclavage et \u00e0 honorer leurs engagements pris au niveau mondial, notamment ceux d\u2019atteindre la cible 8.7 des objectifs de d\u00e9veloppement durable, qui consiste \u00e0 mettre fin au travail des enfants sous toutes ses formes d\u2019ici 2025.<\/p>\n<p>De son c\u00f4t\u00e9, le ministre de la Justice, M. Abdellatif Ouahbi, a soulign\u00e9 que cette rencontre, qui constitue l\u2019occasion pour aborder les questions en relation avec l\u2019esclavage moderne, notamment la Covid-19 et le changement climatique, ainsi que pour mettre en exergue les priorit\u00e9s r\u00e9gionales et celles ayant un aspect global, aboutira \u00e0 des r\u00e9solutions qui seront examin\u00e9es et adopt\u00e9es.<\/p>\n<p>Dans une allocution lue en son nom par sa conseill\u00e8re, Mme Fatima Zahra Maa El Ainin, le ministre, \u00e9galement pr\u00e9sident de la Commission nationale de coordination des mesures de lutte et de pr\u00e9vention contre la traite des \u00eatres humains, a soulign\u00e9 que ladite Commission \u00ab\u00a0ne m\u00e9nagera aucun effort pour renforcer la coordination en mati\u00e8re de lutte contre ce crime odieux, qui prend de nombreuses formes, dont l\u2019esclavage et les pratiques esclavagistes\u00a0\u00bb, affirmant que tous les secteurs concern\u00e9s, gouvernementaux et non gouvernementaux, et les organisations internationales ouvreront la main dans la main pour pr\u00e9venir et combattre ce crime et tarir ses sources.<\/p>\n<p>V\u00e9ritable espace d\u2019\u00e9changes et de discussions entre les leaders du mouvement anti-esclavagiste, Ce Forum vise \u00e0 mettre en exergue les priorit\u00e9s r\u00e9gionales et celles ayant un aspect global, ainsi qu\u2019\u00e0 investir les moyens pouvant r\u00e9orienter des engagements cl\u00e9s, \u00e0 l\u2019instar du leadership du survivant, la recherche, la mobilisation des ressources, le partenariat et la coordination intersectorielle.<\/p>\n<p>Le Forum a pu regrouper les conclusions de 5 forums r\u00e9gionaux organis\u00e9s en 2021. Ces \u00e9v\u00e9nements ont permis de d\u00e9gager les priorit\u00e9s de la population locale. Les donn\u00e9es recueillies ont \u00e9t\u00e9 regroup\u00e9es, affin\u00e9es et transf\u00e9r\u00e9es aux organisations mondiales et aux diff\u00e9rents leaders pour impliquer et sensibiliser la communaut\u00e9 internationale sur le sujet, expliquent les organisateurs du Forum.<\/p>\n<p>Il est con\u00e7u pour servir de plateforme de partenariat, de coordination, des bonnes pratiques afin de d\u00e9velopper un programme commun d\u2019actions. L\u2019\u00e9dition de cette ann\u00e9e devrait capitaliser sur les acquis des pr\u00e9c\u00e9dentes \u00e9ditions, ajoute-t-on de m\u00eame source.<\/p>\n<p>Cette dynamique doit prendre une nouvelle dimension avec des id\u00e9es innovantes, des approches avant-gardistes et une coordination plus profonde entre les dirigeants locaux et mondiaux.<\/p>\n<p>L\u2019organisation de la 9\u00e8me \u00e9dition du Forum de lutte contre l\u2019esclavage moderne \u00e0 Marrakech t\u00e9moigne des efforts d\u00e9ploy\u00e9s par le Maroc en mati\u00e8re de d\u00e9veloppement durable dans le cadre de l\u2019Alliance 8.7 des Nations Unies.<\/p>\n<p>A l\u2019horizon 2025, ces objectifs visent \u00e0 prendre des mesures imm\u00e9diates et efficaces pour \u00e9radiquer le travail forc\u00e9 et mettre fin \u00e0 l\u2019esclavage moderne et \u00e0 la traite des \u00eatres humains. Il s\u2019agit aussi de d\u00e9ployer de nouvelles mesures pour interdire et \u00e9liminer les pires formes de travail des enfants y compris le recrutement et l\u2019emploi des mineurs comme soldats sous toutes les formes.<\/p>\n<p>The post <a rel=\"nofollow\" href=\"https:\/\/www.mapmarrakech.ma\/fr\/ouverture-du-9e-forum-mondial-de-lutte-contre-lesclavage-moderne\/\">Ouverture du 9\u00e8 Forum Mondial de lutte contre l\u2019esclavage moderne<\/a> appeared first on <a rel=\"nofollow\" href=\"https:\/\/www.mapmarrakech.ma\/fr\">MapMarrakech<\/a>.<\/p>\n<\/div>\n<p>Auteur: Meriem IGASS<br \/>\n<a href=\"https:\/\/www.mapmarrakech.ma\/fr\/ouverture-du-9e-forum-mondial-de-lutte-contre-lesclavage-moderne\/\">Cliquez ici pour lire l&rsquo;article depuis sa source.<\/a><\/p>\n","protected":false},"excerpt":{"rendered":"<p>Plac\u00e9 sous le th\u00e8me \u00ab\u00a0Redynamiser la lutte contre l\u2019esclavage moderne : initier des r\u00e9ponses locales pour d\u00e9gager des solutions mondiales\u00a0\u00bb, l\u2019\u00e9v\u00e9nement, qui se poursuit jusqu\u2019au 30 mars, regroupe des repr\u00e9sentants de la soci\u00e9t\u00e9 civile, des cadres de l\u2019ONU, des responsables gouvernementaux, des chercheurs universitaires et aussi d\u2019anciennes victimes de la traite humaine. \u00ab\u00a0Trois jours durant, [&hellip;]<\/p>\n","protected":false},"author":1788,"featured_media":0,"comment_status":"closed","ping_status":"closed","sticky":false,"template":"","format":"standard","meta":{"fifu_image_url":"https:\/\/www.mapmarrakech.ma\/map\/uploads\/2022\/03\/forum-copier.jpg","fifu_image_alt":"Ouverture du 9\u00e8 Forum Mondial de lutte contre l\u2019esclavage moderne","footnotes":""},"categories":[54,76],"tags":[],"class_list":["post-144138","post","type-post","status-publish","format-standard","hentry","category-maroc","category-regions"],"_links":{"self":[{"href":"https:\/\/linitiative.ca\/International\/wp-json\/wp\/v2\/posts\/144138","targetHints":{"allow":["GET"]}}],"collection":[{"href":"https:\/\/linitiative.ca\/International\/wp-json\/wp\/v2\/posts"}],"about":[{"href":"https:\/\/linitiative.ca\/International\/wp-json\/wp\/v2\/types\/post"}],"author":[{"embeddable":true,"href":"https:\/\/linitiative.ca\/International\/wp-json\/wp\/v2\/users\/1788"}],"replies":[{"embeddable":true,"href":"https:\/\/linitiative.ca\/International\/wp-json\/wp\/v2\/comments?post=144138"}],"version-history":[{"count":0,"href":"https:\/\/linitiative.ca\/International\/wp-json\/wp\/v2\/posts\/144138\/revisions"}],"wp:attachment":[{"href":"https:\/\/linitiative.ca\/International\/wp-json\/wp\/v2\/media?parent=144138"}],"wp:term":[{"taxonomy":"category","embeddable":true,"href":"https:\/\/linitiative.ca\/International\/wp-json\/wp\/v2\/categories?post=144138"},{"taxonomy":"post_tag","embeddable":true,"href":"https:\/\/linitiative.ca\/International\/wp-json\/wp\/v2\/tags?post=144138"}],"curies":[{"name":"wp","href":"https:\/\/api.w.org\/{rel}","templated":true}]}}