{"id":144140,"date":"2022-03-28T13:08:53","date_gmt":"2022-03-28T17:08:53","guid":{"rendered":"https:\/\/linitiative.ca\/International\/sm-le-roi-ordonne-louverture-des-mosquees-edifiees-ou-ayant-fait-lobjet-de-travaux-de-reconstruction-ou-de-restauration-par-le-ministere-des-habous-et-des-affaires-islamiques\/"},"modified":"2022-03-28T13:08:53","modified_gmt":"2022-03-28T17:08:53","slug":"sm-le-roi-ordonne-louverture-des-mosquees-edifiees-ou-ayant-fait-lobjet-de-travaux-de-reconstruction-ou-de-restauration-par-le-ministere-des-habous-et-des-affaires-islamiques","status":"publish","type":"post","link":"https:\/\/linitiative.ca\/International\/sm-le-roi-ordonne-louverture-des-mosquees-edifiees-ou-ayant-fait-lobjet-de-travaux-de-reconstruction-ou-de-restauration-par-le-ministere-des-habous-et-des-affaires-islamiques\/","title":{"rendered":"SM le Roi ordonne l\u2019ouverture des mosqu\u00e9es \u00e9difi\u00e9es ou ayant fait l\u2019objet de travaux de reconstruction ou de restauration par le minist\u00e8re des Habous et des Affaires islamiques"},"content":{"rendered":"<div>\n<div style=\"margin-bottom:20px;\"><img loading=\"lazy\" decoding=\"async\" width=\"750\" height=\"430\" src=\"https:\/\/linitiative.ca\/International\/wp-content\/uploads\/sites\/23\/2022\/03\/mosquC3A9e-moulay-yazid-RAK-copier.jpg\" class=\"attachment-post-thumbnail size-post-thumbnail wp-post-image\" alt=\"\" srcset=\"https:\/\/linitiative.ca\/International\/wp-content\/uploads\/sites\/23\/2022\/03\/mosquC3A9e-moulay-yazid-RAK-copier.jpg 750w, https:\/\/www.mapmarrakech.ma\/map\/uploads\/2022\/03\/mosqu\u00e9e-moulay-yazid-RAK-copier-300x172.jpg 300w\" sizes=\"auto, (max-width: 750px) 100vw, 750px\"><\/div>\n<p>Un communiqu\u00e9 du minist\u00e8re souligne que ces mosqu\u00e9es, au nombre de 26, se r\u00e9partissent comme suit: 09 nouvelles, 13 reconstruites et 04 restaur\u00e9es.<\/p>\n<p>La capacit\u00e9 d\u2019accueil de l\u2019ensemble de ces mosqu\u00e9es s\u2019\u00e9l\u00e8ve \u00e0 15.500 fid\u00e8les, pour un co\u00fbt global de 147 MDH, pr\u00e9cise la m\u00eame source.<\/p>\n<p>The post <a rel=\"nofollow\" href=\"https:\/\/www.mapmarrakech.ma\/fr\/sm-le-roi-ordonne-louverture-des-mosquees-edifiees-ou-ayant-fait-lobjet-de-travaux-de-reconstruction-ou-de-restauration-par-le-ministere-des-habous-et-des-affaires-islamiques\/\">SM le Roi ordonne l\u2019ouverture des mosqu\u00e9es \u00e9difi\u00e9es ou ayant fait l\u2019objet de travaux de reconstruction ou de restauration par le minist\u00e8re des Habous et des Affaires islamiques<\/a> appeared first on <a rel=\"nofollow\" href=\"https:\/\/www.mapmarrakech.ma\/fr\">MapMarrakech<\/a>.<\/p>\n<\/div>\n<p>Auteur: Meriem IGASS<br \/>\n<a href=\"https:\/\/www.mapmarrakech.ma\/fr\/sm-le-roi-ordonne-louverture-des-mosquees-edifiees-ou-ayant-fait-lobjet-de-travaux-de-reconstruction-ou-de-restauration-par-le-ministere-des-habous-et-des-affaires-islamiques\/\">Cliquez ici pour lire l&rsquo;article depuis sa source.<\/a><\/p>\n","protected":false},"excerpt":{"rendered":"<p>Un communiqu\u00e9 du minist\u00e8re souligne que ces mosqu\u00e9es, au nombre de 26, se r\u00e9partissent comme suit: 09 nouvelles, 13 reconstruites et 04 restaur\u00e9es. La capacit\u00e9 d\u2019accueil de l\u2019ensemble de ces mosqu\u00e9es s\u2019\u00e9l\u00e8ve \u00e0 15.500 fid\u00e8les, pour un co\u00fbt global de 147 MDH, pr\u00e9cise la m\u00eame source. The post SM le Roi ordonne l\u2019ouverture des mosqu\u00e9es [&hellip;]<\/p>\n","protected":false},"author":1788,"featured_media":0,"comment_status":"closed","ping_status":"closed","sticky":false,"template":"","format":"standard","meta":{"fifu_image_url":"https:\/\/www.mapmarrakech.ma\/map\/uploads\/2022\/03\/mosqu\u00e9e-moulay-yazid-RAK-copier.jpg","fifu_image_alt":"SM le Roi ordonne l\u2019ouverture des mosqu\u00e9es \u00e9difi\u00e9es ou ayant fait l\u2019objet de travaux de reconstruction ou de restauration par le minist\u00e8re des Habous et des Affaires islamiques","footnotes":""},"categories":[54,76],"tags":[],"class_list":["post-144140","post","type-post","status-publish","format-standard","hentry","category-maroc","category-regions"],"_links":{"self":[{"href":"https:\/\/linitiative.ca\/International\/wp-json\/wp\/v2\/posts\/144140","targetHints":{"allow":["GET"]}}],"collection":[{"href":"https:\/\/linitiative.ca\/International\/wp-json\/wp\/v2\/posts"}],"about":[{"href":"https:\/\/linitiative.ca\/International\/wp-json\/wp\/v2\/types\/post"}],"author":[{"embeddable":true,"href":"https:\/\/linitiative.ca\/International\/wp-json\/wp\/v2\/users\/1788"}],"replies":[{"embeddable":true,"href":"https:\/\/linitiative.ca\/International\/wp-json\/wp\/v2\/comments?post=144140"}],"version-history":[{"count":0,"href":"https:\/\/linitiative.ca\/International\/wp-json\/wp\/v2\/posts\/144140\/revisions"}],"wp:attachment":[{"href":"https:\/\/linitiative.ca\/International\/wp-json\/wp\/v2\/media?parent=144140"}],"wp:term":[{"taxonomy":"category","embeddable":true,"href":"https:\/\/linitiative.ca\/International\/wp-json\/wp\/v2\/categories?post=144140"},{"taxonomy":"post_tag","embeddable":true,"href":"https:\/\/linitiative.ca\/International\/wp-json\/wp\/v2\/tags?post=144140"}],"curies":[{"name":"wp","href":"https:\/\/api.w.org\/{rel}","templated":true}]}}