{"id":144142,"date":"2022-03-28T13:30:58","date_gmt":"2022-03-28T17:30:58","guid":{"rendered":"https:\/\/linitiative.ca\/International\/previsions-meteorologiques-pour-le-mardi-29-mars-2022\/"},"modified":"2022-03-28T13:30:58","modified_gmt":"2022-03-28T17:30:58","slug":"previsions-meteorologiques-pour-le-mardi-29-mars-2022","status":"publish","type":"post","link":"https:\/\/linitiative.ca\/International\/previsions-meteorologiques-pour-le-mardi-29-mars-2022\/","title":{"rendered":"Pr\u00e9visions m\u00e9t\u00e9orologiques pour le mardi 29 mars 2022"},"content":{"rendered":"<div>\n<div style=\"margin-bottom:20px;\"><img loading=\"lazy\" decoding=\"async\" width=\"750\" height=\"430\" src=\"https:\/\/linitiative.ca\/International\/wp-content\/uploads\/sites\/23\/2022\/03\/nuages-3.jpg\" class=\"attachment-post-thumbnail size-post-thumbnail wp-post-image\" alt=\"\" srcset=\"https:\/\/linitiative.ca\/International\/wp-content\/uploads\/sites\/23\/2022\/03\/nuages-3.jpg 750w, https:\/\/www.mapmarrakech.ma\/map\/uploads\/2022\/01\/nuages-300x172.jpg 300w\" sizes=\"auto, (max-width: 750px) 100vw, 750px\"><\/div>\n<p align=\"justify\">\u2013\u00a0Temps pluvieux avec orages et risque de gr\u00eale par endroits sur le Nord, le Centre, le Rif, les Haut et\u00a0Moyen Atlas, leurs r\u00e9gions ouest voisines, le Saiss, la M\u00e9diterran\u00e9e et le nord de l\u2019Oriental.<\/p>\n<p>\u2013 Faibles pluies ou gouttes \u00e9parses sur le sud de l\u2019Oriental, les versants sud-est, l\u2019Anti-Atlas et le nord-ouest des provinces du Sud.<\/p>\n<p>\u2013 Chutes de neige sur les sommets des Haut et Moyen Atlas \u00e0 partir de 2000m.<\/p>\n<p>\u2013 Quelques formations brumeuses sur les c\u00f4tes centre et sud et localement sur le nord de l\u2019Oriental.<\/p>\n<p>\u2013 Temps assez froid sur les montagnes.<\/p>\n<p>\u2013 Rafales de vent assez fortes sur le sud de l\u2019Oriental, le Sud-Est et localement sur le sud de l\u2019Atlas et\u00a0les plaines centre avec des chasse-poussi\u00e8res par endroits.<\/p>\n<p>\u2013 Temp\u00e9ratures minimales de l\u2019ordre de 02\/09\u00b0C sur l\u2019Atlas et le Rif, 06\/13\u00b0C sur le nord de l\u2019Oriental,\u00a0le Saiss, Oulm\u00e8s et le plateau des Phosphates, 11\/17\u00b0C sur les plaines nord et centre, la M\u00e9diterran\u00e9e,\u00a0les versants sud-est et le sud de l\u2019Oriental et de 13\/20\u00b0C partout ailleurs.<\/p>\n<p>\u2013 Temp\u00e9ratures du jour en baisse sensible sur la majeure partie du Royaume.<\/p>\n<p>\u2013 Mer peu agit\u00e9e \u00e0 agit\u00e9e en M\u00e9diterran\u00e9e et sur le D\u00e9troit, agit\u00e9e entrer Tanger et La\u00e2youne, devenant progressivement peu agit\u00e9e \u00e0 agit\u00e9e, l\u2019apr\u00e8s-midi, et agit\u00e9e \u00e0 forte au Sud.<\/p>\n<p>The post <a rel=\"nofollow\" href=\"https:\/\/www.mapmarrakech.ma\/fr\/previsions-meteorologiques-pour-le-mardi-29-mars-2022\/\">Pr\u00e9visions m\u00e9t\u00e9orologiques pour le mardi 29 mars 2022<\/a> appeared first on <a rel=\"nofollow\" href=\"https:\/\/www.mapmarrakech.ma\/fr\">MapMarrakech<\/a>.<\/p>\n<\/div>\n<p>Auteur: Meriem IGASS<br \/>\n<a href=\"https:\/\/www.mapmarrakech.ma\/fr\/previsions-meteorologiques-pour-le-mardi-29-mars-2022\/\">Cliquez ici pour lire l&rsquo;article depuis sa source.<\/a><\/p>\n","protected":false},"excerpt":{"rendered":"<p>\u2013\u00a0Temps pluvieux avec orages et risque de gr\u00eale par endroits sur le Nord, le Centre, le Rif, les Haut et\u00a0Moyen Atlas, leurs r\u00e9gions ouest voisines, le Saiss, la M\u00e9diterran\u00e9e et le nord de l\u2019Oriental. \u2013 Faibles pluies ou gouttes \u00e9parses sur le sud de l\u2019Oriental, les versants sud-est, l\u2019Anti-Atlas et le nord-ouest des provinces du [&hellip;]<\/p>\n","protected":false},"author":1788,"featured_media":0,"comment_status":"closed","ping_status":"closed","sticky":false,"template":"","format":"standard","meta":{"fifu_image_url":"https:\/\/www.mapmarrakech.ma\/map\/uploads\/2022\/01\/nuages.jpg","fifu_image_alt":"Pr\u00e9visions m\u00e9t\u00e9orologiques pour le mardi 29 mars 2022","footnotes":""},"categories":[54,76],"tags":[],"class_list":["post-144142","post","type-post","status-publish","format-standard","hentry","category-maroc","category-regions"],"_links":{"self":[{"href":"https:\/\/linitiative.ca\/International\/wp-json\/wp\/v2\/posts\/144142","targetHints":{"allow":["GET"]}}],"collection":[{"href":"https:\/\/linitiative.ca\/International\/wp-json\/wp\/v2\/posts"}],"about":[{"href":"https:\/\/linitiative.ca\/International\/wp-json\/wp\/v2\/types\/post"}],"author":[{"embeddable":true,"href":"https:\/\/linitiative.ca\/International\/wp-json\/wp\/v2\/users\/1788"}],"replies":[{"embeddable":true,"href":"https:\/\/linitiative.ca\/International\/wp-json\/wp\/v2\/comments?post=144142"}],"version-history":[{"count":0,"href":"https:\/\/linitiative.ca\/International\/wp-json\/wp\/v2\/posts\/144142\/revisions"}],"wp:attachment":[{"href":"https:\/\/linitiative.ca\/International\/wp-json\/wp\/v2\/media?parent=144142"}],"wp:term":[{"taxonomy":"category","embeddable":true,"href":"https:\/\/linitiative.ca\/International\/wp-json\/wp\/v2\/categories?post=144142"},{"taxonomy":"post_tag","embeddable":true,"href":"https:\/\/linitiative.ca\/International\/wp-json\/wp\/v2\/tags?post=144142"}],"curies":[{"name":"wp","href":"https:\/\/api.w.org\/{rel}","templated":true}]}}