{"id":144148,"date":"2022-03-28T13:38:43","date_gmt":"2022-03-28T17:38:43","guid":{"rendered":"https:\/\/linitiative.ca\/International\/antony-blinken-en-visite-au-maroc\/"},"modified":"2022-03-28T13:38:43","modified_gmt":"2022-03-28T17:38:43","slug":"antony-blinken-en-visite-au-maroc","status":"publish","type":"post","link":"https:\/\/linitiative.ca\/International\/antony-blinken-en-visite-au-maroc\/","title":{"rendered":"Antony Blinken en visite au Maroc"},"content":{"rendered":"<div>\n<div class=\"field field-name-body field-type-text-with-summary field-label-hidden\">\n<div class=\"field-items\">\n<div class=\"field-item even\" property=\"content:encoded\">\n<p class=\"rtejustify\">Le secr\u00e9taire d\u2019Etat am\u00e9ricain, Antony Blinken, effectue \u00e0 partir de ce lundi et jusqu\u2019au 30 mars, une visite officielle au Maroc plac\u00e9e sous le signe de \u00ab l\u2019engagement en faveur de la s\u00e9curit\u00e9 et de la prosp\u00e9rit\u00e9 \u00bb, indique-t-on \u00e0 Washington en mettant en avant une relation \u00ab profonde et durable \u00bb.<\/p>\n<\/div>\n<\/div>\n<\/div>\n<\/div>\n<p>Auteur: hgueye<br \/>\n<a href=\"https:\/\/www.leconomiste.com\/flash-infos\/antony-blinken-en-visite-au-maroc\">Cliquez ici pour lire l&rsquo;article depuis sa source.<\/a><\/p>\n","protected":false},"excerpt":{"rendered":"<p>Le secr\u00e9taire d\u2019Etat am\u00e9ricain, Antony Blinken, effectue \u00e0 partir de ce lundi et jusqu\u2019au 30 mars, une visite officielle au Maroc plac\u00e9e sous le signe de \u00ab l\u2019engagement en faveur de la s\u00e9curit\u00e9 et de la prosp\u00e9rit\u00e9 \u00bb, indique-t-on \u00e0 Washington en mettant en avant une relation \u00ab profonde et durable \u00bb. Auteur: hgueye Cliquez [&hellip;]<\/p>\n","protected":false},"author":1763,"featured_media":0,"comment_status":"closed","ping_status":"closed","sticky":false,"template":"","format":"standard","meta":{"fifu_image_url":"","fifu_image_alt":"","footnotes":""},"categories":[78,54],"tags":[],"class_list":["post-144148","post","type-post","status-publish","format-standard","hentry","category-economie","category-maroc"],"_links":{"self":[{"href":"https:\/\/linitiative.ca\/International\/wp-json\/wp\/v2\/posts\/144148","targetHints":{"allow":["GET"]}}],"collection":[{"href":"https:\/\/linitiative.ca\/International\/wp-json\/wp\/v2\/posts"}],"about":[{"href":"https:\/\/linitiative.ca\/International\/wp-json\/wp\/v2\/types\/post"}],"author":[{"embeddable":true,"href":"https:\/\/linitiative.ca\/International\/wp-json\/wp\/v2\/users\/1763"}],"replies":[{"embeddable":true,"href":"https:\/\/linitiative.ca\/International\/wp-json\/wp\/v2\/comments?post=144148"}],"version-history":[{"count":0,"href":"https:\/\/linitiative.ca\/International\/wp-json\/wp\/v2\/posts\/144148\/revisions"}],"wp:attachment":[{"href":"https:\/\/linitiative.ca\/International\/wp-json\/wp\/v2\/media?parent=144148"}],"wp:term":[{"taxonomy":"category","embeddable":true,"href":"https:\/\/linitiative.ca\/International\/wp-json\/wp\/v2\/categories?post=144148"},{"taxonomy":"post_tag","embeddable":true,"href":"https:\/\/linitiative.ca\/International\/wp-json\/wp\/v2\/tags?post=144148"}],"curies":[{"name":"wp","href":"https:\/\/api.w.org\/{rel}","templated":true}]}}