{"id":144149,"date":"2022-03-28T13:44:55","date_gmt":"2022-03-28T17:44:55","guid":{"rendered":"https:\/\/linitiative.ca\/International\/campagne-agricole-sadiki-optimiste-apres-les-dernieres-pluies\/"},"modified":"2022-03-28T13:44:55","modified_gmt":"2022-03-28T17:44:55","slug":"campagne-agricole-sadiki-optimiste-apres-les-dernieres-pluies","status":"publish","type":"post","link":"https:\/\/linitiative.ca\/International\/campagne-agricole-sadiki-optimiste-apres-les-dernieres-pluies\/","title":{"rendered":"Campagne agricole: Sadiki optimiste apr\u00e8s les derni\u00e8res pluies"},"content":{"rendered":"<div>\n<div class=\"field field-name-body field-type-text-with-summary field-label-hidden\">\n<div class=\"field-items\">\n<div class=\"field-item even\" property=\"content:encoded\">\n<p class=\"rtejustify\">Le ministre de l\u2019Agriculture, de la P\u00eache maritime, du D\u00e9veloppement rural et des eaux et for\u00eats, Mohamed Sadiki, se montre optimiste apr\u00e8s les derni\u00e8res pluies enregistr\u00e9es au niveau national. Les pluies qu\u2019a connues le Maroc derni\u00e8rement ont un impact imm\u00e9diat sur les cultures notamment les c\u00e9r\u00e9ales, a assur\u00e9, lundi \u00e0 Rabat, Sadiki en marge d\u2019une r\u00e9union sur le programme des cultures de printemps dans le cadre de la campagne agricole actuelle.<\/p>\n<\/div>\n<\/div>\n<\/div>\n<\/div>\n<p>Auteur: hgueye<br \/>\n<a href=\"https:\/\/www.leconomiste.com\/flash-infos\/campagne-agricole-sadiki-optimiste-apres-les-dernieres-pluies\">Cliquez ici pour lire l&rsquo;article depuis sa source.<\/a><\/p>\n","protected":false},"excerpt":{"rendered":"<p>Le ministre de l\u2019Agriculture, de la P\u00eache maritime, du D\u00e9veloppement rural et des eaux et for\u00eats, Mohamed Sadiki, se montre optimiste apr\u00e8s les derni\u00e8res pluies enregistr\u00e9es au niveau national. Les pluies qu\u2019a connues le Maroc derni\u00e8rement ont un impact imm\u00e9diat sur les cultures notamment les c\u00e9r\u00e9ales, a assur\u00e9, lundi \u00e0 Rabat, Sadiki en marge d\u2019une [&hellip;]<\/p>\n","protected":false},"author":1763,"featured_media":0,"comment_status":"closed","ping_status":"closed","sticky":false,"template":"","format":"standard","meta":{"fifu_image_url":"","fifu_image_alt":"","footnotes":""},"categories":[78,54],"tags":[],"class_list":["post-144149","post","type-post","status-publish","format-standard","hentry","category-economie","category-maroc"],"_links":{"self":[{"href":"https:\/\/linitiative.ca\/International\/wp-json\/wp\/v2\/posts\/144149","targetHints":{"allow":["GET"]}}],"collection":[{"href":"https:\/\/linitiative.ca\/International\/wp-json\/wp\/v2\/posts"}],"about":[{"href":"https:\/\/linitiative.ca\/International\/wp-json\/wp\/v2\/types\/post"}],"author":[{"embeddable":true,"href":"https:\/\/linitiative.ca\/International\/wp-json\/wp\/v2\/users\/1763"}],"replies":[{"embeddable":true,"href":"https:\/\/linitiative.ca\/International\/wp-json\/wp\/v2\/comments?post=144149"}],"version-history":[{"count":0,"href":"https:\/\/linitiative.ca\/International\/wp-json\/wp\/v2\/posts\/144149\/revisions"}],"wp:attachment":[{"href":"https:\/\/linitiative.ca\/International\/wp-json\/wp\/v2\/media?parent=144149"}],"wp:term":[{"taxonomy":"category","embeddable":true,"href":"https:\/\/linitiative.ca\/International\/wp-json\/wp\/v2\/categories?post=144149"},{"taxonomy":"post_tag","embeddable":true,"href":"https:\/\/linitiative.ca\/International\/wp-json\/wp\/v2\/tags?post=144149"}],"curies":[{"name":"wp","href":"https:\/\/api.w.org\/{rel}","templated":true}]}}