{"id":144151,"date":"2022-03-28T13:17:00","date_gmt":"2022-03-28T17:17:00","guid":{"rendered":"https:\/\/linitiative.ca\/International\/algerie-cameroun-mbappe-affiche-son-attirance-pour-les-deux-pays-tchouameni-prend-position\/"},"modified":"2022-03-28T13:17:00","modified_gmt":"2022-03-28T17:17:00","slug":"algerie-cameroun-mbappe-affiche-son-attirance-pour-les-deux-pays-tchouameni-prend-position","status":"publish","type":"post","link":"https:\/\/linitiative.ca\/International\/algerie-cameroun-mbappe-affiche-son-attirance-pour-les-deux-pays-tchouameni-prend-position\/","title":{"rendered":"Alg\u00e9rie \u2013 Cameroun : Mbapp\u00e9 affiche son attirance pour les deux pays, Tchouam\u00e9ni prend position !"},"content":{"rendered":"<div>Le Cameroun et l&rsquo;Alg\u00e9rie, c&rsquo;est une partie de moi&#8230;<\/div>\n<p>Auteur:<br \/>\n<a href=\"https:\/\/www.lebuteur.com\/article\/detail?titre=algerie-cameroun-mbappe-affiche-son-attirance-pour-les-deux-pays-tchouameni-prend-position&#038;id=102583\">Cliquez ici pour lire l&rsquo;article depuis sa source.<\/a><\/p>\n","protected":false},"excerpt":{"rendered":"<p>Le Cameroun et l&rsquo;Alg\u00e9rie, c&rsquo;est une partie de moi&#8230; Auteur: Cliquez ici pour lire l&rsquo;article depuis sa source.<\/p>\n","protected":false},"author":1738,"featured_media":0,"comment_status":"closed","ping_status":"closed","sticky":false,"template":"","format":"standard","meta":{"fifu_image_url":"","fifu_image_alt":"","footnotes":""},"categories":[53,75],"tags":[],"class_list":["post-144151","post","type-post","status-publish","format-standard","hentry","category-algerie","category-sport"],"_links":{"self":[{"href":"https:\/\/linitiative.ca\/International\/wp-json\/wp\/v2\/posts\/144151","targetHints":{"allow":["GET"]}}],"collection":[{"href":"https:\/\/linitiative.ca\/International\/wp-json\/wp\/v2\/posts"}],"about":[{"href":"https:\/\/linitiative.ca\/International\/wp-json\/wp\/v2\/types\/post"}],"author":[{"embeddable":true,"href":"https:\/\/linitiative.ca\/International\/wp-json\/wp\/v2\/users\/1738"}],"replies":[{"embeddable":true,"href":"https:\/\/linitiative.ca\/International\/wp-json\/wp\/v2\/comments?post=144151"}],"version-history":[{"count":0,"href":"https:\/\/linitiative.ca\/International\/wp-json\/wp\/v2\/posts\/144151\/revisions"}],"wp:attachment":[{"href":"https:\/\/linitiative.ca\/International\/wp-json\/wp\/v2\/media?parent=144151"}],"wp:term":[{"taxonomy":"category","embeddable":true,"href":"https:\/\/linitiative.ca\/International\/wp-json\/wp\/v2\/categories?post=144151"},{"taxonomy":"post_tag","embeddable":true,"href":"https:\/\/linitiative.ca\/International\/wp-json\/wp\/v2\/tags?post=144151"}],"curies":[{"name":"wp","href":"https:\/\/api.w.org\/{rel}","templated":true}]}}