{"id":144155,"date":"2022-03-28T07:09:00","date_gmt":"2022-03-28T11:09:00","guid":{"rendered":"https:\/\/linitiative.ca\/International\/cooperation-et-sobriete-pour-declencher-la-transition-un-monde-sans-carbone-est-un-monde-de-paix\/"},"modified":"2022-03-28T07:09:00","modified_gmt":"2022-03-28T11:09:00","slug":"cooperation-et-sobriete-pour-declencher-la-transition-un-monde-sans-carbone-est-un-monde-de-paix","status":"publish","type":"post","link":"https:\/\/linitiative.ca\/International\/cooperation-et-sobriete-pour-declencher-la-transition-un-monde-sans-carbone-est-un-monde-de-paix\/","title":{"rendered":"Coop\u00e9ration et sobri\u00e9t\u00e9 pour d\u00e9clencher la transition: un monde sans carbone est un monde de paix"},"content":{"rendered":"<div><img decoding=\"async\" src=\"https:\/\/linitiative.ca\/International\/wp-content\/uploads\/sites\/23\/2022\/03\/1648468510_article.jpg\" alt=\"Coop\u00e9ration et sobri\u00e9t\u00e9 pour d\u00e9clencher la transition: un monde sans carbone est un monde de paix\" align=\"left\">Pr Samir Allal. Universit\u00e9 de Versailles\/Paris-Saclay &#8211;\u00a0 Le monde -peut-il se passer du gaz, du p\u00e9trole du charbon?\u00a0 La vraie question est:\u00a0 Comment peut-on encore se poser cette question?\u00a0<br \/>\nLa guerre en Ukraine souligne les erreurs et l\u2019impr\u00e9voyance pass\u00e9es des pays qui n\u2019ont pas su ou voulu assurer leur ind\u00e9pendance \u00e9nerg\u00e9tique et alimentaire avant cette trag\u00e9die. Paradoxalement, cette guerre est loin d\u2019\u00e9clipser l\u2019enjeu climatique, elle met en lumi\u00e8re sa transversalit\u00e9, et en particulier le lien avec la s\u00e9curit\u00e9 internationale.<br \/>\nNous avons v\u00e9cu dans un monde d&rsquo;abondance \u00e9nerg\u00e9tique, rendue possible par l&rsquo;av\u00e8nement des hydrocarbures.\u00a0 Pour d\u00e9clencher la &#8230;<\/p>\n<\/div>\n<p>Auteur:<br \/>\n<a href=\"https:\/\/www.leaders.com.tn\/article\/33143-cooperation-et-sobriete-pour-declencher-la-transition-un-monde-sans-carbone-est-un-monde-de-paix\">Cliquez ici pour lire l&rsquo;article depuis sa source.<\/a><\/p>\n","protected":false},"excerpt":{"rendered":"<p>Pr Samir Allal. Universit\u00e9 de Versailles\/Paris-Saclay &#8211;\u00a0 Le monde -peut-il se passer du gaz, du p\u00e9trole du charbon?\u00a0 La vraie question est:\u00a0 Comment peut-on encore se poser cette question?\u00a0 La guerre en Ukraine souligne les erreurs et l\u2019impr\u00e9voyance pass\u00e9es des pays qui n\u2019ont pas su ou voulu assurer leur ind\u00e9pendance \u00e9nerg\u00e9tique et alimentaire avant cette [&hellip;]<\/p>\n","protected":false},"author":1772,"featured_media":0,"comment_status":"closed","ping_status":"closed","sticky":false,"template":"","format":"standard","meta":{"fifu_image_url":"http:\/\/www.leaders.com.tn\/uploads\/content\/thumbnails_small\/1648468510_article.jpg","fifu_image_alt":"Coop\u00e9ration et sobri\u00e9t\u00e9 pour d\u00e9clencher la transition: un monde sans carbone est un monde de paix","footnotes":""},"categories":[73,55],"tags":[],"class_list":["post-144155","post","type-post","status-publish","format-standard","hentry","category-actualite","category-tunisie"],"_links":{"self":[{"href":"https:\/\/linitiative.ca\/International\/wp-json\/wp\/v2\/posts\/144155","targetHints":{"allow":["GET"]}}],"collection":[{"href":"https:\/\/linitiative.ca\/International\/wp-json\/wp\/v2\/posts"}],"about":[{"href":"https:\/\/linitiative.ca\/International\/wp-json\/wp\/v2\/types\/post"}],"author":[{"embeddable":true,"href":"https:\/\/linitiative.ca\/International\/wp-json\/wp\/v2\/users\/1772"}],"replies":[{"embeddable":true,"href":"https:\/\/linitiative.ca\/International\/wp-json\/wp\/v2\/comments?post=144155"}],"version-history":[{"count":0,"href":"https:\/\/linitiative.ca\/International\/wp-json\/wp\/v2\/posts\/144155\/revisions"}],"wp:attachment":[{"href":"https:\/\/linitiative.ca\/International\/wp-json\/wp\/v2\/media?parent=144155"}],"wp:term":[{"taxonomy":"category","embeddable":true,"href":"https:\/\/linitiative.ca\/International\/wp-json\/wp\/v2\/categories?post=144155"},{"taxonomy":"post_tag","embeddable":true,"href":"https:\/\/linitiative.ca\/International\/wp-json\/wp\/v2\/tags?post=144155"}],"curies":[{"name":"wp","href":"https:\/\/api.w.org\/{rel}","templated":true}]}}