{"id":144157,"date":"2022-03-28T10:00:00","date_gmt":"2022-03-28T14:00:00","guid":{"rendered":"https:\/\/linitiative.ca\/International\/pendez-les-haut-et-court-le-lynchage-est-un-crime-de-haine-federal\/"},"modified":"2022-03-28T10:00:00","modified_gmt":"2022-03-28T14:00:00","slug":"pendez-les-haut-et-court-le-lynchage-est-un-crime-de-haine-federal","status":"publish","type":"post","link":"https:\/\/linitiative.ca\/International\/pendez-les-haut-et-court-le-lynchage-est-un-crime-de-haine-federal\/","title":{"rendered":"Pendez-les haut et court : le lynchage est un crime de haine f\u00e9d\u00e9ral"},"content":{"rendered":"<div><img decoding=\"async\" src=\"https:\/\/linitiative.ca\/International\/wp-content\/uploads\/sites\/23\/2022\/03\/1648466943_article.jpg\" alt=\"Pendez-les haut et court : le lynchage est un crime de haine f\u00e9d\u00e9ral\" align=\"left\">Par Mohsen Redissi &#8211; Est-ce l\u2019effet Joe Biden qui souffle \u00e9galement sur la justice ? L\u2019appareil judiciaire doit-il lui aussi ressembler \u00e0 une Am\u00e9rique id\u00e9alis\u00e9e : multiculturelle et multiraciale ? Une afro-am\u00e9ricaine est propos\u00e9e pour occuper le si\u00e8ge vide de la Cour supr\u00eame. Une Am\u00e9rique qui doit couper avec un pass\u00e9, souvent sombre. Un accord est enfin arrach\u00e9 au S\u00e9nat par un vote unanime, le lynchage est d\u00e9sormais un crime de haine f\u00e9d\u00e9ral passible de trente ans de prison. Une victoire pour ceux qui veulent garder leur t\u00eate sur les \u00e9paules. Le texte de loi est sur le bureau du pr\u00e9sident Biden pour signature. Il ne tardera pas \u00e0 signer le d\u00e9cret. Il compte laisser &#8230;<\/p>\n<\/div>\n<p>Auteur:<br \/>\n<a href=\"https:\/\/www.leaders.com.tn\/article\/33144-pendez-les-haut-et-court-le-lynchage-est-un-crime-de-haine-federal\">Cliquez ici pour lire l&rsquo;article depuis sa source.<\/a><\/p>\n","protected":false},"excerpt":{"rendered":"<p>Par Mohsen Redissi &#8211; Est-ce l\u2019effet Joe Biden qui souffle \u00e9galement sur la justice ? L\u2019appareil judiciaire doit-il lui aussi ressembler \u00e0 une Am\u00e9rique id\u00e9alis\u00e9e : multiculturelle et multiraciale ? Une afro-am\u00e9ricaine est propos\u00e9e pour occuper le si\u00e8ge vide de la Cour supr\u00eame. Une Am\u00e9rique qui doit couper avec un pass\u00e9, souvent sombre. Un accord [&hellip;]<\/p>\n","protected":false},"author":1772,"featured_media":0,"comment_status":"closed","ping_status":"closed","sticky":false,"template":"","format":"standard","meta":{"fifu_image_url":"http:\/\/www.leaders.com.tn\/uploads\/content\/thumbnails_small\/1648466943_article.jpg","fifu_image_alt":"Pendez-les haut et court : le lynchage est un crime de haine f\u00e9d\u00e9ral","footnotes":""},"categories":[73,55],"tags":[],"class_list":["post-144157","post","type-post","status-publish","format-standard","hentry","category-actualite","category-tunisie"],"_links":{"self":[{"href":"https:\/\/linitiative.ca\/International\/wp-json\/wp\/v2\/posts\/144157","targetHints":{"allow":["GET"]}}],"collection":[{"href":"https:\/\/linitiative.ca\/International\/wp-json\/wp\/v2\/posts"}],"about":[{"href":"https:\/\/linitiative.ca\/International\/wp-json\/wp\/v2\/types\/post"}],"author":[{"embeddable":true,"href":"https:\/\/linitiative.ca\/International\/wp-json\/wp\/v2\/users\/1772"}],"replies":[{"embeddable":true,"href":"https:\/\/linitiative.ca\/International\/wp-json\/wp\/v2\/comments?post=144157"}],"version-history":[{"count":0,"href":"https:\/\/linitiative.ca\/International\/wp-json\/wp\/v2\/posts\/144157\/revisions"}],"wp:attachment":[{"href":"https:\/\/linitiative.ca\/International\/wp-json\/wp\/v2\/media?parent=144157"}],"wp:term":[{"taxonomy":"category","embeddable":true,"href":"https:\/\/linitiative.ca\/International\/wp-json\/wp\/v2\/categories?post=144157"},{"taxonomy":"post_tag","embeddable":true,"href":"https:\/\/linitiative.ca\/International\/wp-json\/wp\/v2\/tags?post=144157"}],"curies":[{"name":"wp","href":"https:\/\/api.w.org\/{rel}","templated":true}]}}