{"id":144163,"date":"2022-03-28T12:11:33","date_gmt":"2022-03-28T16:11:33","guid":{"rendered":"https:\/\/linitiative.ca\/International\/linstitut-francais-du-maroc-organise-un-spectacle-theatral-a-loccasion-du-mois-de-la-francophonie\/"},"modified":"2022-03-28T12:11:33","modified_gmt":"2022-03-28T16:11:33","slug":"linstitut-francais-du-maroc-organise-un-spectacle-theatral-a-loccasion-du-mois-de-la-francophonie","status":"publish","type":"post","link":"https:\/\/linitiative.ca\/International\/linstitut-francais-du-maroc-organise-un-spectacle-theatral-a-loccasion-du-mois-de-la-francophonie\/","title":{"rendered":"L\u2019Institut Fran\u00e7ais du Maroc organise un spectacle th\u00e9\u00e2tral \u00e0 l\u2019occasion du mois de la francophonie"},"content":{"rendered":"<div><img decoding=\"async\" width=\"944\" height=\"627\" src=\"https:\/\/linitiative.ca\/International\/wp-content\/uploads\/sites\/23\/2022\/03\/Francophonie.jpg\" class=\"attachment-post-thumbnail size-post-thumbnail wp-post-image\" alt=\"\" loading=\"lazy\" srcset=\"https:\/\/linitiative.ca\/International\/wp-content\/uploads\/sites\/23\/2022\/03\/Francophonie.jpg 944w, https:\/\/www.challenge.ma\/wp-content\/uploads\/2022\/03\/Francophonie-300x199.jpg 300w, https:\/\/www.challenge.ma\/wp-content\/uploads\/2022\/03\/Francophonie-768x510.jpg 768w, https:\/\/www.challenge.ma\/wp-content\/uploads\/2022\/03\/Francophonie-360x239.jpg 360w, https:\/\/www.challenge.ma\/wp-content\/uploads\/2022\/03\/Francophonie-750x498.jpg 750w\" sizes=\"auto, (max-width: 944px) 100vw, 944px\" itemprop=\"image\">Dans le cadre du mois de la Francophonie, l\u2019Institut Fran\u00e7ais du Maroc, l\u2019Ambassade de Suisse, la D\u00e9l\u00e9gation g\u00e9n\u00e9rale Wallonie-Bruxelles, le Bureau du Qu\u00e9bec et des com\u00e9diens marocains organisent, du 29 mars au 1er avril des spectacles internationaux avec pr\u00e8s de 20 com\u00e9diens mobilis\u00e9s. De toutes parts, Maroc, Belgique, France, Qu\u00e9bec,<\/div>\n<p>Auteur: Mehdi Ouazzani<br \/>\n<a href=\"https:\/\/www.challenge.ma\/linstitut-francais-du-maroc-organise-un-spectacle-theatral-a-loccasion-du-mois-de-la-francophonie-235581\/\">Cliquez ici pour lire l&rsquo;article depuis sa source.<\/a><\/p>\n","protected":false},"excerpt":{"rendered":"<p>Dans le cadre du mois de la Francophonie, l\u2019Institut Fran\u00e7ais du Maroc, l\u2019Ambassade de Suisse, la D\u00e9l\u00e9gation g\u00e9n\u00e9rale Wallonie-Bruxelles, le Bureau du Qu\u00e9bec et des com\u00e9diens marocains organisent, du 29 mars au 1er avril des spectacles internationaux avec pr\u00e8s de 20 com\u00e9diens mobilis\u00e9s. De toutes parts, Maroc, Belgique, France, Qu\u00e9bec, Auteur: Mehdi Ouazzani Cliquez ici [&hellip;]<\/p>\n","protected":false},"author":1787,"featured_media":0,"comment_status":"closed","ping_status":"closed","sticky":false,"template":"","format":"standard","meta":{"fifu_image_url":"https:\/\/www.challenge.ma\/wp-content\/uploads\/2022\/03\/Francophonie.jpg","fifu_image_alt":"L\u2019Institut Fran\u00e7ais du Maroc organise un spectacle th\u00e9\u00e2tral \u00e0 l\u2019occasion du mois de la francophonie","footnotes":""},"categories":[78,54],"tags":[],"class_list":["post-144163","post","type-post","status-publish","format-standard","hentry","category-economie","category-maroc"],"_links":{"self":[{"href":"https:\/\/linitiative.ca\/International\/wp-json\/wp\/v2\/posts\/144163","targetHints":{"allow":["GET"]}}],"collection":[{"href":"https:\/\/linitiative.ca\/International\/wp-json\/wp\/v2\/posts"}],"about":[{"href":"https:\/\/linitiative.ca\/International\/wp-json\/wp\/v2\/types\/post"}],"author":[{"embeddable":true,"href":"https:\/\/linitiative.ca\/International\/wp-json\/wp\/v2\/users\/1787"}],"replies":[{"embeddable":true,"href":"https:\/\/linitiative.ca\/International\/wp-json\/wp\/v2\/comments?post=144163"}],"version-history":[{"count":0,"href":"https:\/\/linitiative.ca\/International\/wp-json\/wp\/v2\/posts\/144163\/revisions"}],"wp:attachment":[{"href":"https:\/\/linitiative.ca\/International\/wp-json\/wp\/v2\/media?parent=144163"}],"wp:term":[{"taxonomy":"category","embeddable":true,"href":"https:\/\/linitiative.ca\/International\/wp-json\/wp\/v2\/categories?post=144163"},{"taxonomy":"post_tag","embeddable":true,"href":"https:\/\/linitiative.ca\/International\/wp-json\/wp\/v2\/tags?post=144163"}],"curies":[{"name":"wp","href":"https:\/\/api.w.org\/{rel}","templated":true}]}}