{"id":144165,"date":"2022-03-28T12:13:27","date_gmt":"2022-03-28T16:13:27","guid":{"rendered":"https:\/\/linitiative.ca\/International\/diplomatie-nasser-bourita-appelle-a-une-dynamique-de-paix-tangible-pour-la-prosperite-des-peuples-au-moyen-orient\/"},"modified":"2022-03-28T12:13:27","modified_gmt":"2022-03-28T16:13:27","slug":"diplomatie-nasser-bourita-appelle-a-une-dynamique-de-paix-tangible-pour-la-prosperite-des-peuples-au-moyen-orient","status":"publish","type":"post","link":"https:\/\/linitiative.ca\/International\/diplomatie-nasser-bourita-appelle-a-une-dynamique-de-paix-tangible-pour-la-prosperite-des-peuples-au-moyen-orient\/","title":{"rendered":"Diplomatie. Nasser Bourita appelle \u00e0 une dynamique de paix tangible pour la prosp\u00e9rit\u00e9 des peuples au Moyen-Orient"},"content":{"rendered":"<div><img decoding=\"async\" width=\"780\" height=\"468\" src=\"https:\/\/linitiative.ca\/International\/wp-content\/uploads\/sites\/23\/2022\/03\/israel.jpeg\" class=\"attachment-post-thumbnail size-post-thumbnail wp-post-image\" alt=\"\" loading=\"lazy\" srcset=\"https:\/\/linitiative.ca\/International\/wp-content\/uploads\/sites\/23\/2022\/03\/israel.jpeg 780w, https:\/\/www.challenge.ma\/wp-content\/uploads\/2022\/03\/israel-300x180.jpeg 300w, https:\/\/www.challenge.ma\/wp-content\/uploads\/2022\/03\/israel-768x461.jpeg 768w, https:\/\/www.challenge.ma\/wp-content\/uploads\/2022\/03\/israel-360x216.jpeg 360w, https:\/\/www.challenge.ma\/wp-content\/uploads\/2022\/03\/israel-750x450.jpeg 750w\" sizes=\"auto, (max-width: 780px) 100vw, 780px\" itemprop=\"image\">Dans le cadre de sa participation au sommet diplomatique qui a r\u00e9uni le 28 mars au N\u00e9guev (Isra\u00ebl), les ministres des Affaires \u00e9trang\u00e8res des \u00c9tats-Unis, d\u2019Isra\u00ebl, de Bahre\u00efn, de l\u2019\u00c9gypte, des \u00c9mirats arabes unis et du Maroc, Nasser Bourita a appel\u00e9 \u00e0 une dynamique de paix de tangible ouvrant des<\/div>\n<p>Auteur: challenge<br \/>\n<a href=\"https:\/\/www.challenge.ma\/diplomatie-nasser-bourita-appelle-a-une-dynamique-de-paix-tangible-pour-la-prosperite-des-peuples-du-moyen-orient-235571\/\">Cliquez ici pour lire l&rsquo;article depuis sa source.<\/a><\/p>\n","protected":false},"excerpt":{"rendered":"<p>Dans le cadre de sa participation au sommet diplomatique qui a r\u00e9uni le 28 mars au N\u00e9guev (Isra\u00ebl), les ministres des Affaires \u00e9trang\u00e8res des \u00c9tats-Unis, d\u2019Isra\u00ebl, de Bahre\u00efn, de l\u2019\u00c9gypte, des \u00c9mirats arabes unis et du Maroc, Nasser Bourita a appel\u00e9 \u00e0 une dynamique de paix de tangible ouvrant des Auteur: challenge Cliquez ici pour [&hellip;]<\/p>\n","protected":false},"author":1787,"featured_media":0,"comment_status":"closed","ping_status":"closed","sticky":false,"template":"","format":"standard","meta":{"fifu_image_url":"https:\/\/www.challenge.ma\/wp-content\/uploads\/2022\/03\/israel.jpeg","fifu_image_alt":"Diplomatie. Nasser Bourita appelle \u00e0 une dynamique de paix tangible pour la prosp\u00e9rit\u00e9 des peuples au Moyen-Orient","footnotes":""},"categories":[78,54],"tags":[],"class_list":["post-144165","post","type-post","status-publish","format-standard","hentry","category-economie","category-maroc"],"_links":{"self":[{"href":"https:\/\/linitiative.ca\/International\/wp-json\/wp\/v2\/posts\/144165","targetHints":{"allow":["GET"]}}],"collection":[{"href":"https:\/\/linitiative.ca\/International\/wp-json\/wp\/v2\/posts"}],"about":[{"href":"https:\/\/linitiative.ca\/International\/wp-json\/wp\/v2\/types\/post"}],"author":[{"embeddable":true,"href":"https:\/\/linitiative.ca\/International\/wp-json\/wp\/v2\/users\/1787"}],"replies":[{"embeddable":true,"href":"https:\/\/linitiative.ca\/International\/wp-json\/wp\/v2\/comments?post=144165"}],"version-history":[{"count":0,"href":"https:\/\/linitiative.ca\/International\/wp-json\/wp\/v2\/posts\/144165\/revisions"}],"wp:attachment":[{"href":"https:\/\/linitiative.ca\/International\/wp-json\/wp\/v2\/media?parent=144165"}],"wp:term":[{"taxonomy":"category","embeddable":true,"href":"https:\/\/linitiative.ca\/International\/wp-json\/wp\/v2\/categories?post=144165"},{"taxonomy":"post_tag","embeddable":true,"href":"https:\/\/linitiative.ca\/International\/wp-json\/wp\/v2\/tags?post=144165"}],"curies":[{"name":"wp","href":"https:\/\/api.w.org\/{rel}","templated":true}]}}