{"id":144175,"date":"2022-03-28T17:02:39","date_gmt":"2022-03-28T21:02:39","guid":{"rendered":"https:\/\/linitiative.ca\/International\/en-en-photos-la-derniere-seance-des-aigles-de-carthage\/"},"modified":"2022-03-28T17:02:39","modified_gmt":"2022-03-28T21:02:39","slug":"en-en-photos-la-derniere-seance-des-aigles-de-carthage","status":"publish","type":"post","link":"https:\/\/linitiative.ca\/International\/en-en-photos-la-derniere-seance-des-aigles-de-carthage\/","title":{"rendered":"EN : En photos, la derni\u00e8re s\u00e9ance des Aigles de Carthage"},"content":{"rendered":"<div>\n<p>Ce lundi, la s\u00e9lection nationale a achev\u00e9 ses pr\u00e9paratifs pour la confrontation qui l\u2019opposera au Mali, pour le compte du match retour du dernier tour pr\u00e9liminaire des \u00e9liminatoires de la Coupe du monde Qatar 2022. Voici, en photos, cette derni\u00e8re s\u00e9ance \u00e0 la quelle ont pris part tous les joueurs :<\/p>\n<p>L\u2019article <a href=\"https:\/\/sport.tunisienumerique.com\/en-en-photos-la-derniere-seance-des-aigles-de-carthage\/\">EN : En photos, la derni\u00e8re s\u00e9ance des Aigles de Carthage<\/a> est apparu en premier sur <a href=\"https:\/\/www.tunisienumerique.com\/\">Tunisie<\/a>.<\/p>\n<\/div>\n<p>Auteur: Hamza Ben Khlifa<br \/>\n<a href=\"https:\/\/sport.tunisienumerique.com\/en-en-photos-la-derniere-seance-des-aigles-de-carthage\/\">Cliquez ici pour lire l&rsquo;article depuis sa source.<\/a><\/p>\n","protected":false},"excerpt":{"rendered":"<p>Ce lundi, la s\u00e9lection nationale a achev\u00e9 ses pr\u00e9paratifs pour la confrontation qui l\u2019opposera au Mali, pour le compte du match retour du dernier tour pr\u00e9liminaire des \u00e9liminatoires de la Coupe du monde Qatar 2022. Voici, en photos, cette derni\u00e8re s\u00e9ance \u00e0 la quelle ont pris part tous les joueurs : L\u2019article EN : En [&hellip;]<\/p>\n","protected":false},"author":1789,"featured_media":0,"comment_status":"closed","ping_status":"closed","sticky":false,"template":"","format":"standard","meta":{"fifu_image_url":"","fifu_image_alt":"","footnotes":""},"categories":[73,55],"tags":[],"class_list":["post-144175","post","type-post","status-publish","format-standard","hentry","category-actualite","category-tunisie"],"_links":{"self":[{"href":"https:\/\/linitiative.ca\/International\/wp-json\/wp\/v2\/posts\/144175","targetHints":{"allow":["GET"]}}],"collection":[{"href":"https:\/\/linitiative.ca\/International\/wp-json\/wp\/v2\/posts"}],"about":[{"href":"https:\/\/linitiative.ca\/International\/wp-json\/wp\/v2\/types\/post"}],"author":[{"embeddable":true,"href":"https:\/\/linitiative.ca\/International\/wp-json\/wp\/v2\/users\/1789"}],"replies":[{"embeddable":true,"href":"https:\/\/linitiative.ca\/International\/wp-json\/wp\/v2\/comments?post=144175"}],"version-history":[{"count":0,"href":"https:\/\/linitiative.ca\/International\/wp-json\/wp\/v2\/posts\/144175\/revisions"}],"wp:attachment":[{"href":"https:\/\/linitiative.ca\/International\/wp-json\/wp\/v2\/media?parent=144175"}],"wp:term":[{"taxonomy":"category","embeddable":true,"href":"https:\/\/linitiative.ca\/International\/wp-json\/wp\/v2\/categories?post=144175"},{"taxonomy":"post_tag","embeddable":true,"href":"https:\/\/linitiative.ca\/International\/wp-json\/wp\/v2\/tags?post=144175"}],"curies":[{"name":"wp","href":"https:\/\/api.w.org\/{rel}","templated":true}]}}