{"id":144178,"date":"2022-03-28T15:26:43","date_gmt":"2022-03-28T19:26:43","guid":{"rendered":"https:\/\/linitiative.ca\/International\/qualifications-mondial-2022-zone-afrique-lafrique-du-nord-en-pole-position\/"},"modified":"2022-03-28T15:26:43","modified_gmt":"2022-03-28T19:26:43","slug":"qualifications-mondial-2022-zone-afrique-lafrique-du-nord-en-pole-position","status":"publish","type":"post","link":"https:\/\/linitiative.ca\/International\/qualifications-mondial-2022-zone-afrique-lafrique-du-nord-en-pole-position\/","title":{"rendered":"QUALIFICATIONS\u00a0 MONDIAL 2022 ZONE AFRIQUE  \u00a0: L\u2019Afrique du Nord en pole position\u00a0?"},"content":{"rendered":"<div>\n<p><img decoding=\"async\" width=\"696\" height=\"392\" src=\"https:\/\/linitiative.ca\/International\/wp-content\/uploads\/sites\/23\/2022\/03\/CDM.jpg\" class=\"attachment- size- wp-post-image\" alt=\"\" loading=\"lazy\" style=\"float:left; margin:0 15px 15px 0;\" srcset=\"https:\/\/linitiative.ca\/International\/wp-content\/uploads\/sites\/23\/2022\/03\/CDM.jpg 696w, https:\/\/lepays.bf\/wp-content\/uploads\/2022\/03\/CDM-300x169.jpg 300w, https:\/\/lepays.bf\/wp-content\/uploads\/2022\/03\/CDM-150x84.jpg 150w\" sizes=\"auto, (max-width: 696px) 100vw, 696px\">Les \u00e9quipes d\u2019Afrique du Nord ont domin\u00e9 les matchs aller de qualifications pour la Coupe du monde 2022 de football. Sur les cinq matchs\u00a0 de barrages qui se sont d\u00e9roul\u00e9s le 25 mars dernier (Egypte # S\u00e9n\u00e9gal, Cameroun # Alg\u00e9rie, RDC # Maroc, Mali # [\u2026]<\/p>\n<p>L\u2019article <a rel=\"nofollow\" href=\"https:\/\/lepays.bf\/qualifications-mondial-2022-zone-afrique-lafrique-du-nord-en-pole-position\/\">QUALIFICATIONS\u00a0 MONDIAL 2022 ZONE AFRIQUE  \u00a0: L\u2019Afrique du Nord en pole position\u00a0?<\/a> est apparu en premier sur <a rel=\"nofollow\" href=\"https:\/\/lepays.bf\/\">Editions Le Pays<\/a>.<\/p>\n<\/div>\n<p>Auteur: Editions LEPAYS<br \/>\n<a href=\"https:\/\/lepays.bf\/qualifications-mondial-2022-zone-afrique-lafrique-du-nord-en-pole-position\/\">Cliquez ici pour lire l&rsquo;article depuis sa source.<\/a><\/p>\n","protected":false},"excerpt":{"rendered":"<p>Les \u00e9quipes d\u2019Afrique du Nord ont domin\u00e9 les matchs aller de qualifications pour la Coupe du monde 2022 de football. Sur les cinq matchs\u00a0 de barrages qui se sont d\u00e9roul\u00e9s le 25 mars dernier (Egypte # S\u00e9n\u00e9gal, Cameroun # Alg\u00e9rie, RDC # Maroc, Mali # [\u2026] L\u2019article QUALIFICATIONS\u00a0 MONDIAL 2022 ZONE AFRIQUE \u00a0: L\u2019Afrique du [&hellip;]<\/p>\n","protected":false},"author":1813,"featured_media":0,"comment_status":"closed","ping_status":"closed","sticky":false,"template":"","format":"standard","meta":{"fifu_image_url":"https:\/\/lepays.bf\/wp-content\/uploads\/2022\/03\/CDM.jpg","fifu_image_alt":"QUALIFICATIONS\u00a0 MONDIAL 2022 ZONE AFRIQUE  \u00a0: L\u2019Afrique du Nord en pole position\u00a0?","footnotes":""},"categories":[73,81],"tags":[],"class_list":["post-144178","post","type-post","status-publish","format-standard","hentry","category-actualite","category-burkina-faso"],"_links":{"self":[{"href":"https:\/\/linitiative.ca\/International\/wp-json\/wp\/v2\/posts\/144178","targetHints":{"allow":["GET"]}}],"collection":[{"href":"https:\/\/linitiative.ca\/International\/wp-json\/wp\/v2\/posts"}],"about":[{"href":"https:\/\/linitiative.ca\/International\/wp-json\/wp\/v2\/types\/post"}],"author":[{"embeddable":true,"href":"https:\/\/linitiative.ca\/International\/wp-json\/wp\/v2\/users\/1813"}],"replies":[{"embeddable":true,"href":"https:\/\/linitiative.ca\/International\/wp-json\/wp\/v2\/comments?post=144178"}],"version-history":[{"count":0,"href":"https:\/\/linitiative.ca\/International\/wp-json\/wp\/v2\/posts\/144178\/revisions"}],"wp:attachment":[{"href":"https:\/\/linitiative.ca\/International\/wp-json\/wp\/v2\/media?parent=144178"}],"wp:term":[{"taxonomy":"category","embeddable":true,"href":"https:\/\/linitiative.ca\/International\/wp-json\/wp\/v2\/categories?post=144178"},{"taxonomy":"post_tag","embeddable":true,"href":"https:\/\/linitiative.ca\/International\/wp-json\/wp\/v2\/tags?post=144178"}],"curies":[{"name":"wp","href":"https:\/\/api.w.org\/{rel}","templated":true}]}}