{"id":144180,"date":"2022-03-28T15:32:00","date_gmt":"2022-03-28T19:32:00","guid":{"rendered":"https:\/\/linitiative.ca\/International\/propos-de-candidats-a-la-presidentielle-francaise-eric-zemmour-a-t-il-dit-tout-haut-ce-que-beaucoup-de-francais-pensent-tout-bas\/"},"modified":"2022-03-28T15:32:00","modified_gmt":"2022-03-28T19:32:00","slug":"propos-de-candidats-a-la-presidentielle-francaise-eric-zemmour-a-t-il-dit-tout-haut-ce-que-beaucoup-de-francais-pensent-tout-bas","status":"publish","type":"post","link":"https:\/\/linitiative.ca\/International\/propos-de-candidats-a-la-presidentielle-francaise-eric-zemmour-a-t-il-dit-tout-haut-ce-que-beaucoup-de-francais-pensent-tout-bas\/","title":{"rendered":"PROPOS DE CANDIDATS A LA PRESIDENTIELLE FRAN\u00c7AISE  \u00a0: Eric Zemmour a-t-il dit tout haut ce que beaucoup de Fran\u00e7ais pensent tout bas\u00a0?"},"content":{"rendered":"<div>\n<p><img loading=\"lazy\" decoding=\"async\" width=\"770\" height=\"426\" src=\"https:\/\/linitiative.ca\/International\/wp-content\/uploads\/sites\/23\/2022\/03\/10_candidats.png\" class=\"attachment- size- wp-post-image\" alt=\"\" style=\"float:left; margin:0 15px 15px 0;\" srcset=\"https:\/\/linitiative.ca\/International\/wp-content\/uploads\/sites\/23\/2022\/03\/10_candidats.png 770w, https:\/\/lepays.bf\/wp-content\/uploads\/2022\/03\/10_candidats-300x166.png 300w, https:\/\/lepays.bf\/wp-content\/uploads\/2022\/03\/10_candidats-150x83.png 150w, https:\/\/lepays.bf\/wp-content\/uploads\/2022\/03\/10_candidats-768x425.png 768w\" sizes=\"auto, (max-width: 770px) 100vw, 770px\">La campagne pour l\u2019\u00e9lection pr\u00e9sidentielle fran\u00e7aise a d\u00e9j\u00e0 commenc\u00e9. Onze autres candidats lorgnent, avec plus ou moins d\u2019espoir, le fauteuil qu\u2019occupe actuellement le pr\u00e9sident Emmanuel Macron qui entend aussi le conserver. La bataille est donc assez dure, et, en pareilles circonstances, presque tous les coups [\u2026]<\/p>\n<p>L\u2019article <a rel=\"nofollow\" href=\"https:\/\/lepays.bf\/propos-de-candidats-a-la-presidentielle-francaise-eric-zemmour-a-t-il-dit-tout-haut-ce-que-beaucoup-de-francais-pensent-tout-bas\/\">PROPOS DE CANDIDATS A LA PRESIDENTIELLE FRAN\u00c7AISE  \u00a0: Eric Zemmour a-t-il dit tout haut ce que beaucoup de Fran\u00e7ais pensent tout bas\u00a0?<\/a> est apparu en premier sur <a rel=\"nofollow\" href=\"https:\/\/lepays.bf\/\">Editions Le Pays<\/a>.<\/p>\n<\/div>\n<p>Auteur: Editions LEPAYS<br \/>\n<a href=\"https:\/\/lepays.bf\/propos-de-candidats-a-la-presidentielle-francaise-eric-zemmour-a-t-il-dit-tout-haut-ce-que-beaucoup-de-francais-pensent-tout-bas\/\">Cliquez ici pour lire l&rsquo;article depuis sa source.<\/a><\/p>\n","protected":false},"excerpt":{"rendered":"<p>La campagne pour l\u2019\u00e9lection pr\u00e9sidentielle fran\u00e7aise a d\u00e9j\u00e0 commenc\u00e9. Onze autres candidats lorgnent, avec plus ou moins d\u2019espoir, le fauteuil qu\u2019occupe actuellement le pr\u00e9sident Emmanuel Macron qui entend aussi le conserver. La bataille est donc assez dure, et, en pareilles circonstances, presque tous les coups [\u2026] L\u2019article PROPOS DE CANDIDATS A LA PRESIDENTIELLE FRAN\u00c7AISE \u00a0: [&hellip;]<\/p>\n","protected":false},"author":1813,"featured_media":0,"comment_status":"closed","ping_status":"closed","sticky":false,"template":"","format":"standard","meta":{"fifu_image_url":"https:\/\/lepays.bf\/wp-content\/uploads\/2022\/03\/10_candidats.png","fifu_image_alt":"PROPOS DE CANDIDATS A LA PRESIDENTIELLE FRAN\u00c7AISE  \u00a0: Eric Zemmour a-t-il dit tout haut ce que beaucoup de Fran\u00e7ais pensent tout bas\u00a0?","footnotes":""},"categories":[73,81],"tags":[],"class_list":["post-144180","post","type-post","status-publish","format-standard","hentry","category-actualite","category-burkina-faso"],"_links":{"self":[{"href":"https:\/\/linitiative.ca\/International\/wp-json\/wp\/v2\/posts\/144180","targetHints":{"allow":["GET"]}}],"collection":[{"href":"https:\/\/linitiative.ca\/International\/wp-json\/wp\/v2\/posts"}],"about":[{"href":"https:\/\/linitiative.ca\/International\/wp-json\/wp\/v2\/types\/post"}],"author":[{"embeddable":true,"href":"https:\/\/linitiative.ca\/International\/wp-json\/wp\/v2\/users\/1813"}],"replies":[{"embeddable":true,"href":"https:\/\/linitiative.ca\/International\/wp-json\/wp\/v2\/comments?post=144180"}],"version-history":[{"count":0,"href":"https:\/\/linitiative.ca\/International\/wp-json\/wp\/v2\/posts\/144180\/revisions"}],"wp:attachment":[{"href":"https:\/\/linitiative.ca\/International\/wp-json\/wp\/v2\/media?parent=144180"}],"wp:term":[{"taxonomy":"category","embeddable":true,"href":"https:\/\/linitiative.ca\/International\/wp-json\/wp\/v2\/categories?post=144180"},{"taxonomy":"post_tag","embeddable":true,"href":"https:\/\/linitiative.ca\/International\/wp-json\/wp\/v2\/tags?post=144180"}],"curies":[{"name":"wp","href":"https:\/\/api.w.org\/{rel}","templated":true}]}}