{"id":144183,"date":"2022-03-28T11:41:45","date_gmt":"2022-03-28T15:41:45","guid":{"rendered":"https:\/\/linitiative.ca\/International\/niger-600-mendiants-rapatries-du-senegal\/"},"modified":"2022-03-28T11:41:45","modified_gmt":"2022-03-28T15:41:45","slug":"niger-600-mendiants-rapatries-du-senegal","status":"publish","type":"post","link":"https:\/\/linitiative.ca\/International\/niger-600-mendiants-rapatries-du-senegal\/","title":{"rendered":"Niger\u00a0: 600 mendiants rapatri\u00e9s du S\u00e9n\u00e9gal"},"content":{"rendered":"<div>\n<p>Suite \u00e0 un reportage d\u2019une chaine de t\u00e9l\u00e9vision s\u00e9n\u00e9galaise sur les conditions de vie des Nig\u00e9riens mendiant dans les rues de Dakar, les autorit\u00e9s nig\u00e9riennes ont d\u00e9cid\u00e9 de combattre le ph\u00e9nom\u00e8ne en rapatriant par avion pr\u00e8s de 600 personnes, dont de nombreux enfants.<\/p>\n<p><em>\u00ab\u00a0A travers ce ph\u00e9nom\u00e8ne, c\u2019est l\u2019image de notre pays qui est tra\u00een\u00e9e dans la boue, c\u2019est pourquoi le gouvernement veut s\u2019attaquer de front \u00e0 ce ph\u00e9nom\u00e8ne\u00a0\u00bb, <\/em>a d\u00e9clar\u00e9 le ministre nig\u00e9rien de l\u2019Int\u00e9rieur, Hamadou Adamou Souley, ajoutant\u00a0<em>\u00ab\u00a0Ce n\u2019est pas la pauvret\u00e9 qui est \u00e0 l\u2019origine de ce ph\u00e9nom\u00e8ne, comme on veut nous le faire croire, mais plut\u00f4t des r\u00e9seaux mafieux organis\u00e9s qui trafiquent ces \u00eatres humains\u00a0\u00bb.<\/em><\/p>\n<p><em>(Source\u00a0: africanews)<\/em><\/p>\n<p><strong>La R\u00e9daction<\/strong><\/p>\n<p>L\u2019article <a rel=\"nofollow\" href=\"https:\/\/www.sidwaya.info\/blog\/2022\/03\/28\/niger-600-mendiants-rapatries-du-senegal\/\">Niger\u00a0: 600 mendiants rapatri\u00e9s du S\u00e9n\u00e9gal<\/a> est apparu en premier sur <a rel=\"nofollow\" href=\"https:\/\/www.sidwaya.info\/\">Quotidien Sidwaya<\/a>.<\/p>\n<\/div>\n<p>Auteur: Wamini SIDWAYA<br \/>\n<a href=\"https:\/\/www.sidwaya.info\/blog\/2022\/03\/28\/niger-600-mendiants-rapatries-du-senegal\/?utm_source=rss&#038;utm_medium=rss&#038;utm_campaign=niger-600-mendiants-rapatries-du-senegal\">Cliquez ici pour lire l&rsquo;article depuis sa source.<\/a><\/p>\n","protected":false},"excerpt":{"rendered":"<p>Suite \u00e0 un reportage d\u2019une chaine de t\u00e9l\u00e9vision s\u00e9n\u00e9galaise sur les conditions de vie des Nig\u00e9riens mendiant dans les rues de Dakar, les autorit\u00e9s nig\u00e9riennes ont d\u00e9cid\u00e9 de combattre le ph\u00e9nom\u00e8ne en rapatriant par avion pr\u00e8s de 600 personnes, dont de nombreux enfants. \u00ab\u00a0A travers ce ph\u00e9nom\u00e8ne, c\u2019est l\u2019image de notre pays qui est tra\u00een\u00e9e [&hellip;]<\/p>\n","protected":false},"author":1816,"featured_media":0,"comment_status":"closed","ping_status":"closed","sticky":false,"template":"","format":"standard","meta":{"fifu_image_url":"","fifu_image_alt":"","footnotes":""},"categories":[73,81],"tags":[],"class_list":["post-144183","post","type-post","status-publish","format-standard","hentry","category-actualite","category-burkina-faso"],"_links":{"self":[{"href":"https:\/\/linitiative.ca\/International\/wp-json\/wp\/v2\/posts\/144183","targetHints":{"allow":["GET"]}}],"collection":[{"href":"https:\/\/linitiative.ca\/International\/wp-json\/wp\/v2\/posts"}],"about":[{"href":"https:\/\/linitiative.ca\/International\/wp-json\/wp\/v2\/types\/post"}],"author":[{"embeddable":true,"href":"https:\/\/linitiative.ca\/International\/wp-json\/wp\/v2\/users\/1816"}],"replies":[{"embeddable":true,"href":"https:\/\/linitiative.ca\/International\/wp-json\/wp\/v2\/comments?post=144183"}],"version-history":[{"count":0,"href":"https:\/\/linitiative.ca\/International\/wp-json\/wp\/v2\/posts\/144183\/revisions"}],"wp:attachment":[{"href":"https:\/\/linitiative.ca\/International\/wp-json\/wp\/v2\/media?parent=144183"}],"wp:term":[{"taxonomy":"category","embeddable":true,"href":"https:\/\/linitiative.ca\/International\/wp-json\/wp\/v2\/categories?post=144183"},{"taxonomy":"post_tag","embeddable":true,"href":"https:\/\/linitiative.ca\/International\/wp-json\/wp\/v2\/tags?post=144183"}],"curies":[{"name":"wp","href":"https:\/\/api.w.org\/{rel}","templated":true}]}}