{"id":144185,"date":"2022-03-28T12:22:47","date_gmt":"2022-03-28T16:22:47","guid":{"rendered":"https:\/\/linitiative.ca\/International\/21e-session-ordinaire-de-la-cen-sad-les-experts-en-travaux-preparatoires\/"},"modified":"2022-03-28T12:22:47","modified_gmt":"2022-03-28T16:22:47","slug":"21e-session-ordinaire-de-la-cen-sad-les-experts-en-travaux-preparatoires","status":"publish","type":"post","link":"https:\/\/linitiative.ca\/International\/21e-session-ordinaire-de-la-cen-sad-les-experts-en-travaux-preparatoires\/","title":{"rendered":"21e\u00a0 session ordinaire de la CEN-SAD: Les experts en travaux pr\u00e9paratoires"},"content":{"rendered":"<div>\n<p><strong>En attendant l\u2019ouverture officielle de la 21<sup>e<\/sup>\u00a0 session ordinaire du Conseil ex\u00e9cutif de la Communaut\u00e9 des Etats Sah\u00e9lo-Sahariens (CEN-SAD), les experts ont commenc\u00e9 cet apr\u00e8s-midi du lundi \u00e0 Rabat au Maroc,\u00a0 les travaux pr\u00e9paratoires de ladite session.<\/strong><\/p>\n<p><strong>\u00a0<\/strong>Ambassadeurs, repr\u00e9sentants permanents et experts ont d\u00e9but\u00e9 les travaux pr\u00e9paratoires \u00e0 la 21\u00e8me Session Ordinaire du Conseil Ex\u00e9cutif de la CEN-SAD dont l\u2019ouverture officielle est pr\u00e9vue pour le mardi\u00a0 29 mars 2022. Depuis 2019, la CEN- SAD n\u2019a pas pu tenir de r\u00e9union statutaire. Ainsi, le pr\u00e9sident de la r\u00e9union pr\u00e9paratoire, Appollinaire Mogomtaye, a tenu\u00a0 dans une d\u00e9claration \u00e0\u00a0 la cha\u00eene d\u2019information de\u00a0 l\u2019Agence marocaine de presse\u00a0 (MAP), \u00e0 remercier\u00a0 le Royaume du Maroc pour avoir pris les dispositions n\u00e9cessaires en vue de r\u00e9ussir cet \u00e9v\u00e9nement, dont l\u2019objectif \u00ab\u00a0consiste en l\u2019examen des textes essentiels pour la survie de notre institution, la CEN-SAD \u00bb.<\/p>\n<p>Il a indiqu\u00e9 que la session se tient au Maroc pour relancer\u00a0 l\u2019institution, la faire fonctionner en vue de lui permettre\u00a0 d\u2019atteindre ses objectifs.<\/p>\n<p><img decoding=\"async\" loading=\"lazy\" class=\"alignnone wp-image-47272 size-full\" src=\"https:\/\/linitiative.ca\/International\/wp-content\/uploads\/sites\/23\/2022\/03\/cen2.jpeg\" alt=\"\" width=\"900\" height=\"599\" srcset=\"https:\/\/linitiative.ca\/International\/wp-content\/uploads\/sites\/23\/2022\/03\/cen2.jpeg 900w, https:\/\/www.sidwaya.info\/wp-content\/uploads\/2022\/03\/cen2-300x200.jpeg 300w, https:\/\/www.sidwaya.info\/wp-content\/uploads\/2022\/03\/cen2-768x511.jpeg 768w, https:\/\/www.sidwaya.info\/wp-content\/uploads\/2022\/03\/cen2-150x100.jpeg 150w, https:\/\/www.sidwaya.info\/wp-content\/uploads\/2022\/03\/cen2-696x463.jpeg 696w, https:\/\/www.sidwaya.info\/wp-content\/uploads\/2022\/03\/cen2-631x420.jpeg 631w\" sizes=\"auto, (max-width: 900px) 100vw, 900px\"><\/p>\n<p>Pour M. Mogomtaye, l\u2019espace communautaire de la CEN-SAD est confront\u00e9 \u00e0 des probl\u00e9matiques diverses, notamment les probl\u00e8mes li\u00e9s \u00e0 la s\u00e9curit\u00e9, \u00e0 la sant\u00e9, \u00e0 l\u2019\u00e9conomie et au d\u00e9veloppement durable.\u00a0 Il souhaite ainsi une CEN-SAD forte qui pourrait aider les Etats membres \u00e0 relever les multiples d\u00e9fis suscit\u00e9s.<\/p>\n<p>\u00a0<\/p>\n<p style=\"text-align: right\"><strong>Boureima SANGA<\/strong><\/p>\n<p style=\"text-align: right\"><strong>(Rabat\/Maroc)<\/strong><\/p>\n<p>L\u2019article <a rel=\"nofollow\" href=\"https:\/\/www.sidwaya.info\/blog\/2022\/03\/28\/21e-session-ordinaire-de-la-cen-sad-les-experts-en-travaux-preparatoires\/\">21e\u00a0 session ordinaire de la CEN-SAD: Les experts en travaux pr\u00e9paratoires<\/a> est apparu en premier sur <a rel=\"nofollow\" href=\"https:\/\/www.sidwaya.info\/\">Quotidien Sidwaya<\/a>.<\/p>\n<\/div>\n<p>Auteur: BS. Sidwaya<br \/>\n<a href=\"https:\/\/www.sidwaya.info\/blog\/2022\/03\/28\/21e-session-ordinaire-de-la-cen-sad-les-experts-en-travaux-preparatoires\/?utm_source=rss&#038;utm_medium=rss&#038;utm_campaign=21e-session-ordinaire-de-la-cen-sad-les-experts-en-travaux-preparatoires\">Cliquez ici pour lire l&rsquo;article depuis sa source.<\/a><\/p>\n","protected":false},"excerpt":{"rendered":"<p>En attendant l\u2019ouverture officielle de la 21e\u00a0 session ordinaire du Conseil ex\u00e9cutif de la Communaut\u00e9 des Etats Sah\u00e9lo-Sahariens (CEN-SAD), les experts ont commenc\u00e9 cet apr\u00e8s-midi du lundi \u00e0 Rabat au Maroc,\u00a0 les travaux pr\u00e9paratoires de ladite session. \u00a0Ambassadeurs, repr\u00e9sentants permanents et experts ont d\u00e9but\u00e9 les travaux pr\u00e9paratoires \u00e0 la 21\u00e8me Session Ordinaire du Conseil Ex\u00e9cutif [&hellip;]<\/p>\n","protected":false},"author":1816,"featured_media":0,"comment_status":"closed","ping_status":"closed","sticky":false,"template":"","format":"standard","meta":{"fifu_image_url":"https:\/\/www.sidwaya.info\/wp-content\/uploads\/2022\/03\/cen2.jpeg","fifu_image_alt":"21e\u00a0 session ordinaire de la CEN-SAD: Les experts en travaux pr\u00e9paratoires","footnotes":""},"categories":[73,81],"tags":[],"class_list":["post-144185","post","type-post","status-publish","format-standard","hentry","category-actualite","category-burkina-faso"],"_links":{"self":[{"href":"https:\/\/linitiative.ca\/International\/wp-json\/wp\/v2\/posts\/144185","targetHints":{"allow":["GET"]}}],"collection":[{"href":"https:\/\/linitiative.ca\/International\/wp-json\/wp\/v2\/posts"}],"about":[{"href":"https:\/\/linitiative.ca\/International\/wp-json\/wp\/v2\/types\/post"}],"author":[{"embeddable":true,"href":"https:\/\/linitiative.ca\/International\/wp-json\/wp\/v2\/users\/1816"}],"replies":[{"embeddable":true,"href":"https:\/\/linitiative.ca\/International\/wp-json\/wp\/v2\/comments?post=144185"}],"version-history":[{"count":0,"href":"https:\/\/linitiative.ca\/International\/wp-json\/wp\/v2\/posts\/144185\/revisions"}],"wp:attachment":[{"href":"https:\/\/linitiative.ca\/International\/wp-json\/wp\/v2\/media?parent=144185"}],"wp:term":[{"taxonomy":"category","embeddable":true,"href":"https:\/\/linitiative.ca\/International\/wp-json\/wp\/v2\/categories?post=144185"},{"taxonomy":"post_tag","embeddable":true,"href":"https:\/\/linitiative.ca\/International\/wp-json\/wp\/v2\/tags?post=144185"}],"curies":[{"name":"wp","href":"https:\/\/api.w.org\/{rel}","templated":true}]}}