{"id":144187,"date":"2022-03-28T13:10:11","date_gmt":"2022-03-28T17:10:11","guid":{"rendered":"https:\/\/linitiative.ca\/International\/forum-africain-de-la-presse-economique-et-financiere-les-enjeux-du-developpement-durables-decortiques\/"},"modified":"2022-03-28T13:10:11","modified_gmt":"2022-03-28T17:10:11","slug":"forum-africain-de-la-presse-economique-et-financiere-les-enjeux-du-developpement-durables-decortiques","status":"publish","type":"post","link":"https:\/\/linitiative.ca\/International\/forum-africain-de-la-presse-economique-et-financiere-les-enjeux-du-developpement-durables-decortiques\/","title":{"rendered":"Forum africain de la presse \u00e9conomique et financi\u00e8re\u00a0: Les enjeux du d\u00e9veloppement durables d\u00e9cortiqu\u00e9s"},"content":{"rendered":"<div>\n<p><strong>La deuxi\u00e8me \u00e9dition du forum africain de la presse \u00e9conomique et financi\u00e8re s\u2019est tenu les 24 et 25 mars 2022 \u00e0 Abidjan en C\u00f4te d\u2019Ivoire. Pendant 2 jours des repr\u00e9sentants d\u2019institutions financi\u00e8res, des chercheurs et des journalistes sp\u00e9cialis\u00e9s en \u00e9conomie ont pass\u00e9 en revue les enjeux du d\u00e9veloppement durable en Afrique, les pistes pour le financement du d\u00e9veloppement durable.<\/strong><\/p>\n<p>Le forum africain de la presse \u00e9conomique et financi\u00e8re (FAPEF) entend contribuer \u00e0 l\u2019impulsion de la culture \u00e9conomique et financi\u00e8re afin d\u2019am\u00e9liorer le bien-\u00eatre des populations dans les pays africains. Pour sa deuxi\u00e8me \u00e9dition, l\u2019initiative de promotion et de valorisation\u00a0\u00a0\u00a0 du journalisme de d\u00e9veloppement en Afrique, tenue les 24 et 25 mars 2022 \u00e0 Abidjan en C\u00f4te d\u2019Ivoire, s\u2019est pench\u00e9e sur les enjeux du d\u00e9veloppement durable en Afrique.\u00a0\u00a0 Le FAPEF 2022 a r\u00e9uni plusieurs experts des institutions financi\u00e8res sous r\u00e9gionales, r\u00e9gionales et internationales, des chercheurs dans le domaine \u00e9conomique\u00a0\u00a0 \u00a0ainsi que des acteurs des thinks-thanks et des m\u00e9dias. Pour le\u00a0\u00a0 promoteur de l\u2019\u00e9v\u00e8nement, Michel Russel Lohor\u00e9, le FAPEF vise de mani\u00e8re g\u00e9n\u00e9rale \u00e0 sensibiliser les journalistes sur les enjeux \u00e9conomiques et financiers en Afrique qui constituent des d\u00e9fis de premier plan pour l\u2019avenir du continent.<\/p>\n<p>La conf\u00e9rence inaugurale a \u00e9t\u00e9 anim\u00e9e par un parterre de 12 sp\u00e9cialistes. Pour le professeur \u00e0 l\u2019universit\u00e9 Cheick Anta Diop de Dakar au S\u00e9n\u00e9gal qui a donn\u00e9 le top d\u00e9part des discussions, les enjeux du d\u00e9veloppement durable de l\u2019Afrique sont nombreux, car ils sont li\u00e9s \u00e0 la complexit\u00e9 de la notion de d\u00e9veloppement durable. \u00ab\u00a0Le d\u00e9veloppement durable est cens\u00e9 apporter \u00a0\u00a0la prosp\u00e9rit\u00e9 \u00e0 la g\u00e9n\u00e9ration actuelle sans remettre en cause celle des g\u00e9n\u00e9rations futures\u00bb, a-t-il expliqu\u00e9. \u00a0Selon lui, le d\u00e9veloppement durable \u00a0peut \u00eatre abord\u00e9 \u00e0 travers les changements climatiques qui mettent en exergue plusieurs d\u00e9fis comme\u00a0 la d\u00e9gradation des terres,\u00a0 l\u2019\u00e9rosion, la perte de biodiversit\u00e9 et la\u00a0\u00a0 d\u00e9gradation des ressources en eau. En vue de faire face \u00e0 ces d\u00e9fis, le Pr Seck pr\u00e9conise une approche d\u2019adaptation et une autre d\u2019att\u00e9nuation des effets des changements climatiques.\u00a0 Concernant le financement, il estime que les grands pays doivent respecter leurs engagements, car\u00a0\u00a0 l\u2019Afrique qui contribue pour 2 % \u00e0 la production de gaz \u00e0 effet de serre est paradoxalement le continent le plus touch\u00e9 par les effets des changements climatiques. A ce sujet, la fondatrice du groupe de r\u00e9flexion regroupant des \u00e9conomistes europ\u00e9ens et m\u00e9diterran\u00e9en propose\u00a0\u00a0 \u00e0 l\u2019Afrique de diversifier ses partenaires \u00a0\u00a0et au G20 de concevoir un fonds de relance financ\u00e9 par les partenaires internationaux, en vue d\u2019\u00e9viter les effets douloureux du surendettement. Par ailleurs, les pays devraient impliquer le secteur priv\u00e9 dans le financement de l\u2019\u00e9conomie verte \u00e0 travers des mesures incitatives\u00a0\u00a0 comme la fiscalit\u00e9 verte.<\/p>\n<p><strong>\u00a0 \u00a0 \u00a0 \u00a0 \u00a0 \u00a0 \u00a0 \u00a0 \u00a0 \u00a0 \u00a0 \u00a0 \u00a0 \u00a0 \u00a0L\u2019effet d\u00e9vastateur de la crise COVID<\/strong><\/p>\n<figure id=\"attachment_47276\" aria-describedby=\"caption-attachment-47276\" style=\"width: 900px\" class=\"wp-caption alignnone\"><img loading=\"lazy\" decoding=\"async\" class=\"wp-image-47276 size-full\" src=\"https:\/\/linitiative.ca\/International\/wp-content\/uploads\/sites\/23\/2022\/03\/3-2.jpeg\" alt=\"\" width=\"900\" height=\"505\" srcset=\"https:\/\/linitiative.ca\/International\/wp-content\/uploads\/sites\/23\/2022\/03\/3-2.jpeg 900w, https:\/\/www.sidwaya.info\/wp-content\/uploads\/2022\/03\/3-2-300x168.jpeg 300w, https:\/\/www.sidwaya.info\/wp-content\/uploads\/2022\/03\/3-2-768x431.jpeg 768w, https:\/\/www.sidwaya.info\/wp-content\/uploads\/2022\/03\/3-2-150x84.jpeg 150w, https:\/\/www.sidwaya.info\/wp-content\/uploads\/2022\/03\/3-2-696x391.jpeg 696w, https:\/\/www.sidwaya.info\/wp-content\/uploads\/2022\/03\/3-2-749x420.jpeg 749w\" sizes=\"auto, (max-width: 900px) 100vw, 900px\"><figcaption id=\"caption-attachment-47276\" class=\"wp-caption-text\">A l\u2019image du r\u00e9dacteur en chef de l\u2019Agence Ecofin qui a particip\u00e9 au forum depuis Gen\u00e8ve en Suisse, les experts ont partag\u00e9 leurs exp\u00e9riences \u00e0 partir des 4 coins du monde<\/figcaption><\/figure>\n<p>Les autres intervenants ont tous convenus que les enjeux en mati\u00e8re de d\u00e9veloppement durable sont \u00e9normes. Beaucoup d\u2019entre eux, \u00e0 l\u2019image de l\u2019expert de la banque africaine de d\u00e9veloppement, Koffi Ange Houngb\u00e9ji, ont affirm\u00e9 que la crise de la COVID a fait fondre comme du beurre au soleil tous les progr\u00e8s enregistr\u00e9s depuis une quinzaine d\u2019ann\u00e9es par les pays, en t\u00e9moignent les taux de croissance qui sont pass\u00e9s de 6% \u00e0 2 ou 3% en 2020. Ils ont relev\u00e9 que pour r\u00e9ussir le pari du d\u00e9veloppement durable, les Etats doivent faire des efforts dans le financement des secteurs sociaux tels que la sant\u00e9 et l\u2019\u00e9ducation, consid\u00e9r\u00e9s comme non rentables. \u00ab Le rapport entre la qualit\u00e9 des soins et le d\u00e9veloppement durable est ind\u00e9niable\u00a0\u00bb, a soulign\u00e9 le pr\u00e9sident ex\u00e9cutif de Nkafu Policy Institute au Cameroun. Les institutions financi\u00e8res ont toutes pris la mesure de ce changement de paradigme, en t\u00e9moigne la r\u00e9orientation de leurs financements. Ainsi la Banque ouest africaine de d\u00e9veloppement a inscrit la sant\u00e9 et l\u2019\u00e9ducation parmi ses 4 secteurs prioritaires de financement, la Banque africaine de d\u00e9veloppement a pour sa part \u00e9labor\u00e9 une strat\u00e9gie de d\u00e9veloppement des infrastructures de sant\u00e9. Consid\u00e9rant que l\u2019\u00e9nergie est un \u00e9l\u00e9ment capital pour le d\u00e9veloppement durable, le conseiller technique du directeur g\u00e9n\u00e9ral de la banque arabe pour le d\u00e9veloppement en Afrique (BADEA) a annonc\u00e9 que dans le cadre de son agenda 2060, la BADEA est dispos\u00e9 \u00e0 financer des centrales de production d\u2019\u00e9nergie renouvelable et la chaine de valeur des voitures \u00e9lectriques, en plus des financements de projets dans le domaine de la sant\u00e9 et de l\u2019\u00e9ducation.<\/p>\n<p><strong>Changer l\u2019image de l\u2019Afrique<\/strong><\/p>\n<p>En outre plusieurs intervenants, notamment le r\u00e9dacteur en chef de l\u2019agence Ecofin Idriss Linge, ont relev\u00e9 la n\u00e9cessit\u00e9 pour les africains de s\u2019approprier les donn\u00e9es \u00e9conomiques sur le continent qui sont produits afin de changer le narratif\u00a0\u00a0 de la situation du continent. \u00ab On parle souvent de surendettement de l\u2019Afrique alors que la dette africaine \u00e9tait de 780mlilliards de dollars en 2020 ce qui ne repr\u00e9sente que 45% du PIB du continent. De plus l\u2019Afrique a de nombreux actifs tels que les ressources mini\u00e8res qui ne sont pas valoris\u00e9s dans les projections faites par les institutions internationales\u00a0\u00bb, a-t-il illustr\u00e9.<\/p>\n<p><strong>\u00a0Nad\u00e8ge YE<\/strong><\/p>\n<p>L\u2019article <a rel=\"nofollow\" href=\"https:\/\/www.sidwaya.info\/blog\/2022\/03\/28\/forum-africain-de-la-presse-economique-et-financiere-les-enjeux-du-developpement-durables-decortiques\/\">Forum africain de la presse \u00e9conomique et financi\u00e8re\u00a0: Les enjeux du d\u00e9veloppement durables d\u00e9cortiqu\u00e9s<\/a> est apparu en premier sur <a rel=\"nofollow\" href=\"https:\/\/www.sidwaya.info\/\">Quotidien Sidwaya<\/a>.<\/p>\n<\/div>\n<p>Auteur: Wamini SIDWAYA<br \/>\n<a href=\"https:\/\/www.sidwaya.info\/blog\/2022\/03\/28\/forum-africain-de-la-presse-economique-et-financiere-les-enjeux-du-developpement-durables-decortiques\/?utm_source=rss&#038;utm_medium=rss&#038;utm_campaign=forum-africain-de-la-presse-economique-et-financiere-les-enjeux-du-developpement-durables-decortiques\">Cliquez ici pour lire l&rsquo;article depuis sa source.<\/a><\/p>\n","protected":false},"excerpt":{"rendered":"<p>La deuxi\u00e8me \u00e9dition du forum africain de la presse \u00e9conomique et financi\u00e8re s\u2019est tenu les 24 et 25 mars 2022 \u00e0 Abidjan en C\u00f4te d\u2019Ivoire. Pendant 2 jours des repr\u00e9sentants d\u2019institutions financi\u00e8res, des chercheurs et des journalistes sp\u00e9cialis\u00e9s en \u00e9conomie ont pass\u00e9 en revue les enjeux du d\u00e9veloppement durable en Afrique, les pistes pour le [&hellip;]<\/p>\n","protected":false},"author":1816,"featured_media":0,"comment_status":"closed","ping_status":"closed","sticky":false,"template":"","format":"standard","meta":{"fifu_image_url":"https:\/\/www.sidwaya.info\/wp-content\/uploads\/2022\/03\/3-2.jpeg","fifu_image_alt":"Forum africain de la presse \u00e9conomique et financi\u00e8re\u00a0: Les enjeux du d\u00e9veloppement durables d\u00e9cortiqu\u00e9s","footnotes":""},"categories":[73,81],"tags":[],"class_list":["post-144187","post","type-post","status-publish","format-standard","hentry","category-actualite","category-burkina-faso"],"_links":{"self":[{"href":"https:\/\/linitiative.ca\/International\/wp-json\/wp\/v2\/posts\/144187","targetHints":{"allow":["GET"]}}],"collection":[{"href":"https:\/\/linitiative.ca\/International\/wp-json\/wp\/v2\/posts"}],"about":[{"href":"https:\/\/linitiative.ca\/International\/wp-json\/wp\/v2\/types\/post"}],"author":[{"embeddable":true,"href":"https:\/\/linitiative.ca\/International\/wp-json\/wp\/v2\/users\/1816"}],"replies":[{"embeddable":true,"href":"https:\/\/linitiative.ca\/International\/wp-json\/wp\/v2\/comments?post=144187"}],"version-history":[{"count":0,"href":"https:\/\/linitiative.ca\/International\/wp-json\/wp\/v2\/posts\/144187\/revisions"}],"wp:attachment":[{"href":"https:\/\/linitiative.ca\/International\/wp-json\/wp\/v2\/media?parent=144187"}],"wp:term":[{"taxonomy":"category","embeddable":true,"href":"https:\/\/linitiative.ca\/International\/wp-json\/wp\/v2\/categories?post=144187"},{"taxonomy":"post_tag","embeddable":true,"href":"https:\/\/linitiative.ca\/International\/wp-json\/wp\/v2\/tags?post=144187"}],"curies":[{"name":"wp","href":"https:\/\/api.w.org\/{rel}","templated":true}]}}