{"id":144193,"date":"2022-03-28T12:02:29","date_gmt":"2022-03-28T16:02:29","guid":{"rendered":"https:\/\/linitiative.ca\/International\/afrique-centrale-projet-de-creation-dune-association-des-cours-et-conseils-constitutionnels\/"},"modified":"2022-03-28T12:02:29","modified_gmt":"2022-03-28T16:02:29","slug":"afrique-centrale-projet-de-creation-dune-association-des-cours-et-conseils-constitutionnels","status":"publish","type":"post","link":"https:\/\/linitiative.ca\/International\/afrique-centrale-projet-de-creation-dune-association-des-cours-et-conseils-constitutionnels\/","title":{"rendered":"Afrique centrale : projet de cr\u00e9ation d\u2019une association des Cours et Conseils constitutionnels"},"content":{"rendered":"<div>\n<p><img decoding=\"async\" width=\"960\" height=\"460\" src=\"https:\/\/linitiative.ca\/International\/wp-content\/uploads\/sites\/23\/2022\/03\/Clement-Atangana-et-Kaluba-Dibwa.jpg\" class=\"attachment-post-thumbnail size-post-thumbnail wp-post-image\" alt=\"Le pr\u00e9sident du Conseil constitutionnel du Cameroun re\u00e7oit celui de la cour constitutionnelle de RDC\" loading=\"lazy\" srcset=\"https:\/\/linitiative.ca\/International\/wp-content\/uploads\/sites\/23\/2022\/03\/Clement-Atangana-et-Kaluba-Dibwa.jpg 960w, https:\/\/www.journalducameroun.com\/wp-content\/uploads\/2022\/03\/Clement-Atangana-et-Kaluba-Dibwa-300x144.jpg 300w, https:\/\/www.journalducameroun.com\/wp-content\/uploads\/2022\/03\/Clement-Atangana-et-Kaluba-Dibwa-768x368.jpg 768w, https:\/\/www.journalducameroun.com\/wp-content\/uploads\/2022\/03\/Clement-Atangana-et-Kaluba-Dibwa-918x440.jpg 918w, https:\/\/www.journalducameroun.com\/wp-content\/uploads\/2022\/03\/Clement-Atangana-et-Kaluba-Dibwa-600x288.jpg 600w\" sizes=\"auto, (max-width: 960px) 100vw, 960px\"><\/p>\n<h3 style=\"text-align: justify;\">L\u2019information est du pr\u00e9sident de la Cour constitutionnelle de la R\u00e9publique d\u00e9mocratique du Congo (RDC) \u00a0au sortir d\u2019un entretien avec le pr\u00e9sident du Conseil constitutionnel du Cameroun \u00e0 Yaound\u00e9.<\/h3>\n<p>\u00a0<\/p>\n<p>\u00a0<\/p>\n<p>\u00a0<\/p>\n<p style=\"text-align: justify;\">La comp\u00e9tence consultative du <strong>Conseil constitutionnel<\/strong> du <strong>Cameroun<\/strong> vient d\u2019\u00eatre sollicit\u00e9e par la <strong>Cour constitutionnelle<\/strong> de la R\u00e9publique d\u00e9mocratique du Congo. Cl\u00e9ment Atangana, pr\u00e9sident de l\u2019institution camerounaise a re\u00e7u vendredi 25 mars 2022, son homologue Kaluba Dibwa de la Cour constitutionnelle et pr\u00e9sident du Conseil sup\u00e9rieur de la Magistrature de la <strong>RDC<\/strong>. Entre autres sujets abord\u00e9s, figure le projet de cr\u00e9ation d\u2019une association regroupant les Conseils constitutionnels et les cours constitutionnelles d\u2019Afrique centrale.<\/p>\n<p style=\"text-align: justify;\">\u00ab\u00a0<em>Nous avons fait un tour d\u2019horizon sur les comp\u00e9tence de cette juridiction, voire comment ensemble on peut mettre sur pied, une association de cours constitutionnels et Conseils constitutionnels en Afrique centrale. Pour le faire, nous devons nous connaitre<\/em>\u00a0\u00bb, a d\u00e9clar\u00e9 \u00a0<strong>Kaluba Dibwa<\/strong>.<\/p>\n<p style=\"text-align: justify;\">A l\u2019observation, la vision serait partag\u00e9e entre le Cameroun, la RDC et d\u2019autres pays de la sous-r\u00e9gion <strong>Afrique centrale<\/strong>. Le mouvement associatif permettra aux diff\u00e9rentes institutions \u00e0 caract\u00e8re juridictionnel de partager leurs exp\u00e9riences.<\/p>\n<p style=\"text-align: justify;\">C\u2019est \u00e0 juste titre que <strong>Cl\u00e9ment Atangana<\/strong>, magistrat hors \u00e9chelle, tout premier pr\u00e9sident du Conseil constitutionnel camerounais a proc\u00e9d\u00e9 \u00e0 la pr\u00e9sentation du Conseil de 11 membres qu\u2019il pr\u00e9side. Cr\u00e9\u00e9 par la loi N\u00b096\/06 du 18 janvier 1996 portant r\u00e9vision de la constitution du 02 juin 1972, l\u2019institution fonctionne depuis 2018. Elle dispose des comp\u00e9tences consultative et contentieuse. Cette derni\u00e8re comp\u00e9tence lui donne le pouvoir de veiller \u00e0 la r\u00e9gularit\u00e9 de l\u2019\u00e9lection pr\u00e9sidentielle, des \u00e9lections parlementaires et d\u2019en proclamer les r\u00e9sultats.<\/p>\n<p style=\"text-align: justify;\">Ses quatre ans d\u2019exp\u00e9rience n\u2019ont pas manqu\u00e9 de retenir l\u2019attention du visiteur congolais. \u00ab\u00a0<em>J\u2019ai appris beaucoup sur le traitement du contentieux \u00e9lectoral. Nous allons essayer de voir dans quelle mesure nous pouvons adapter cela \u00e0 la l\u00e9gislation congolaise<\/em>\u00a0\u00bb, a d\u00e9clar\u00e9 le pr\u00e9sident du Conseil sup\u00e9rieur de la Magistrature de la RDC.<\/p>\n<p>Cet article <a rel=\"nofollow\" href=\"https:\/\/www.journalducameroun.com\/afrique-centrale-projet-de-creation-dune-association-des-cours-et-conseils-constitutionnels\/\">Afrique centrale : projet de cr\u00e9ation d\u2019une association des Cours et Conseils constitutionnels<\/a> est apparu en premier sur <a rel=\"nofollow\" href=\"https:\/\/www.journalducameroun.com\/\">Journal du Cameroun<\/a>.<\/p>\n<\/div>\n<p>Auteur: Arnaud MAWEL<br \/>\n<a href=\"https:\/\/www.journalducameroun.com\/afrique-centrale-projet-de-creation-dune-association-des-cours-et-conseils-constitutionnels\/\">Cliquez ici pour lire l&rsquo;article depuis sa source.<\/a><\/p>\n","protected":false},"excerpt":{"rendered":"<p>L\u2019information est du pr\u00e9sident de la Cour constitutionnelle de la R\u00e9publique d\u00e9mocratique du Congo (RDC) \u00a0au sortir d\u2019un entretien avec le pr\u00e9sident du Conseil constitutionnel du Cameroun \u00e0 Yaound\u00e9. \u00a0 \u00a0 \u00a0 La comp\u00e9tence consultative du Conseil constitutionnel du Cameroun vient d\u2019\u00eatre sollicit\u00e9e par la Cour constitutionnelle de la R\u00e9publique d\u00e9mocratique du Congo. Cl\u00e9ment Atangana, [&hellip;]<\/p>\n","protected":false},"author":1965,"featured_media":0,"comment_status":"closed","ping_status":"closed","sticky":false,"template":"","format":"standard","meta":{"fifu_image_url":"https:\/\/www.journalducameroun.com\/wp-content\/uploads\/2022\/03\/Clement-Atangana-et-Kaluba-Dibwa.jpg","fifu_image_alt":"Afrique centrale : projet de cr\u00e9ation d\u2019une association des Cours et Conseils constitutionnels","footnotes":""},"categories":[73,82],"tags":[],"class_list":["post-144193","post","type-post","status-publish","format-standard","hentry","category-actualite","category-cameroun"],"_links":{"self":[{"href":"https:\/\/linitiative.ca\/International\/wp-json\/wp\/v2\/posts\/144193","targetHints":{"allow":["GET"]}}],"collection":[{"href":"https:\/\/linitiative.ca\/International\/wp-json\/wp\/v2\/posts"}],"about":[{"href":"https:\/\/linitiative.ca\/International\/wp-json\/wp\/v2\/types\/post"}],"author":[{"embeddable":true,"href":"https:\/\/linitiative.ca\/International\/wp-json\/wp\/v2\/users\/1965"}],"replies":[{"embeddable":true,"href":"https:\/\/linitiative.ca\/International\/wp-json\/wp\/v2\/comments?post=144193"}],"version-history":[{"count":0,"href":"https:\/\/linitiative.ca\/International\/wp-json\/wp\/v2\/posts\/144193\/revisions"}],"wp:attachment":[{"href":"https:\/\/linitiative.ca\/International\/wp-json\/wp\/v2\/media?parent=144193"}],"wp:term":[{"taxonomy":"category","embeddable":true,"href":"https:\/\/linitiative.ca\/International\/wp-json\/wp\/v2\/categories?post=144193"},{"taxonomy":"post_tag","embeddable":true,"href":"https:\/\/linitiative.ca\/International\/wp-json\/wp\/v2\/tags?post=144193"}],"curies":[{"name":"wp","href":"https:\/\/api.w.org\/{rel}","templated":true}]}}