{"id":144195,"date":"2022-03-28T13:18:03","date_gmt":"2022-03-28T17:18:03","guid":{"rendered":"https:\/\/linitiative.ca\/International\/cote-divoire-un-partenariat-pour-la-competitivite-de-lagriculture\/"},"modified":"2022-03-28T13:18:03","modified_gmt":"2022-03-28T17:18:03","slug":"cote-divoire-un-partenariat-pour-la-competitivite-de-lagriculture","status":"publish","type":"post","link":"https:\/\/linitiative.ca\/International\/cote-divoire-un-partenariat-pour-la-competitivite-de-lagriculture\/","title":{"rendered":"C\u00f4te d\u2019Ivoire : un partenariat pour la comp\u00e9titivit\u00e9 de l\u2019agriculture"},"content":{"rendered":"<div>\n<p><img decoding=\"async\" width=\"1080\" height=\"720\" src=\"https:\/\/linitiative.ca\/International\/wp-content\/uploads\/sites\/23\/2022\/03\/16484878839586.jpg\" class=\"attachment-post-thumbnail size-post-thumbnail wp-post-image\" alt=\"\" loading=\"lazy\" srcset=\"https:\/\/linitiative.ca\/International\/wp-content\/uploads\/sites\/23\/2022\/03\/16484878839586.jpg 1080w, https:\/\/www.journalducameroun.com\/wp-content\/uploads\/2022\/03\/16484878839586-300x200.jpg 300w, https:\/\/www.journalducameroun.com\/wp-content\/uploads\/2022\/03\/16484878839586-1024x683.jpg 1024w, https:\/\/www.journalducameroun.com\/wp-content\/uploads\/2022\/03\/16484878839586-768x512.jpg 768w, https:\/\/www.journalducameroun.com\/wp-content\/uploads\/2022\/03\/16484878839586-660x440.jpg 660w, https:\/\/www.journalducameroun.com\/wp-content\/uploads\/2022\/03\/16484878839586-600x400.jpg 600w\" sizes=\"auto, (max-width: 1080px) 100vw, 1080px\"><\/p>\n<p>L&rsquo;Etat de C\u00f4te d&rsquo;Ivoire a sign\u00e9, lundi, un partenariat strat\u00e9gique avec le groupe marocain OCP SA en vue d&rsquo;impulser la comp\u00e9titivit\u00e9 et le d\u00e9veloppement durable des cha\u00eenes de valeurs agricoles.Le ministre d&rsquo;Etat ivoirien charg\u00e9 de l&rsquo;Agriculture et du d\u00e9veloppement rurale, Adjoumani Kouassi, et son coll\u00e8gue du commerce et de l&rsquo;industrie, Souleymane Diarrassouba, ont, au nom du gouvernement, paraph\u00e9 le protocole avec M. Mohamed Anouar Tamali, le CEO de OCP Africa, lors d&rsquo;une c\u00e9r\u00e9monie \u00e0 la Primature ivoirienne, en pr\u00e9sence du Premier ministre Patrick Achi.<\/p>\n<p>Cette signature de convention de partenariat entre l&rsquo;Etat de C\u00f4te d&rsquo;Ivoire et OCP SA, s&rsquo;inscrit dans le cadre de la mise en \u0153uvre du Programme national d&rsquo;investissement agricole (PNIA 2), une d\u00e9clinaison du Programme strat\u00e9gique C\u00f4te d&rsquo;Ivoire 2030, a indiqu\u00e9 M. Adjoumani.<\/p>\n<p>Cet accord, dit-il, vise la transformation structurelle de l&rsquo;agriculture ivoirienne, telle que pr\u00e9vue par le Programme strat\u00e9gique C\u00f4te d&rsquo;Ivoire 2030 et le Projet de Soci\u00e9t\u00e9 C\u00f4te d&rsquo;Ivoire Solidaire en vue d&rsquo;une augmentation de la productivit\u00e9 agricole.<\/p>\n<p>Il devrait permettre aux revenus agricoles de passer de 60% \u00e0 80% d&rsquo;ici \u00e0 2030. Cette transformation structurelle entrainera \u00e9galement une augmentation de la valeur ajout\u00e9e et contribuera \u00e0 la cr\u00e9ation d&rsquo;un nombre important d&#8217;emplois, pour les jeunes et les femmes.<\/p>\n<p>Ce partenariat strat\u00e9gique a pour but de \u00ab booster la comp\u00e9titivit\u00e9 du secteur agricole ivoirien et renforcer l&rsquo;impact des politiques de d\u00e9veloppement local sur nos populations rurales particuli\u00e8rement\u00a0\u00bb, a-t-il ajout\u00e9.<\/p>\n<p>Cette convention de partenariat vise notamment l&rsquo;am\u00e9lioration de la gouvernance des cha\u00eenes de valeur agricoles, pastorales et halieutiques, le d\u00e9veloppement d&rsquo;actions de recherche, de d\u00e9veloppement et de formation.<\/p>\n<p>Il vise en outre l&rsquo;insertion de ces derni\u00e8res dans les cha\u00eenes de valeur mondiales \u00e0 plus forte valeur ajout\u00e9e, l&rsquo;am\u00e9lioration des conditions de vie des agriculteurs et le d\u00e9veloppement des march\u00e9s.<\/p>\n<p>Ce partenariat est le fruit d&rsquo;un travail participatif incluant les principaux d\u00e9partements minist\u00e9riels et les structures du groupe OCP. Pr\u00e9vu sur une p\u00e9riode initiale de deux ans, ce partenariat sera mis en \u0153uvre \u00e0 travers des accords sp\u00e9cifiques \u00e0 conclure entre les parties signataires.<\/p>\n<p>Il est d&rsquo;ores et d\u00e9j\u00e0 pr\u00e9vu que trois accords sp\u00e9cifiques soient rapidement mis en \u0153uvre. Il s&rsquo;agit du projet riz dans le Nord de la C\u00f4te d&rsquo;Ivoire ; la cr\u00e9ation de 30 centres de service agricoles de nouvelle g\u00e9n\u00e9ration et la cartographie num\u00e9rique de la fertilit\u00e9 des sols.<\/p>\n<p>Le minist\u00e8re ivoirien en charge de l&rsquo;Industrie intervient aussi dans ce protocole d&rsquo;accord, qui selon M. Mohamed Anouar porte sur \u00ab la contribution du groupe OCP \u00e0 accompagner les sentiers et les projets du gouvernement ivoirien \u00bb.<\/p>\n<p>Ces projets portent sur l&rsquo;am\u00e9lioration de la comp\u00e9titivit\u00e9 et du d\u00e9veloppement durable des cha\u00eenes de valeurs agricoles, a-t-il poursuivi. Ils devraient permettre une transformation du secteur agricole ivoirien.<\/p>\n<p>Ce partenariat contribuera fortement \u00e0 la r\u00e9alisation des actions et interventions envisag\u00e9es par le Programme National d&rsquo;Investissement Agricole de deuxi\u00e8me g\u00e9n\u00e9ration (PNIA 2), et facilitera surtout la conjugaison des interventions dans une approche inclusive coh\u00e9rente.<\/p>\n<p>AP\/ls\/APA<\/p>\n<p>Cet article <a rel=\"nofollow\" href=\"https:\/\/www.journalducameroun.com\/cote-divoire-un-partenariat-pour-la-competitivite-de-lagriculture\/\">C\u00f4te d\u2019Ivoire : un partenariat pour la comp\u00e9titivit\u00e9 de l\u2019agriculture<\/a> est apparu en premier sur <a rel=\"nofollow\" href=\"https:\/\/www.journalducameroun.com\/\">Journal du Cameroun<\/a>.<\/p>\n<\/div>\n<p>Auteur: APA News<br \/>\n<a href=\"https:\/\/www.journalducameroun.com\/cote-divoire-un-partenariat-pour-la-competitivite-de-lagriculture\/\">Cliquez ici pour lire l&rsquo;article depuis sa source.<\/a><\/p>\n","protected":false},"excerpt":{"rendered":"<p>L&rsquo;Etat de C\u00f4te d&rsquo;Ivoire a sign\u00e9, lundi, un partenariat strat\u00e9gique avec le groupe marocain OCP SA en vue d&rsquo;impulser la comp\u00e9titivit\u00e9 et le d\u00e9veloppement durable des cha\u00eenes de valeurs agricoles.Le ministre d&rsquo;Etat ivoirien charg\u00e9 de l&rsquo;Agriculture et du d\u00e9veloppement rurale, Adjoumani Kouassi, et son coll\u00e8gue du commerce et de l&rsquo;industrie, Souleymane Diarrassouba, ont, au nom [&hellip;]<\/p>\n","protected":false},"author":1965,"featured_media":0,"comment_status":"closed","ping_status":"closed","sticky":false,"template":"","format":"standard","meta":{"fifu_image_url":"https:\/\/www.journalducameroun.com\/wp-content\/uploads\/2022\/03\/16484878839586.jpg","fifu_image_alt":"C\u00f4te d\u2019Ivoire : un partenariat pour la comp\u00e9titivit\u00e9 de l\u2019agriculture","footnotes":""},"categories":[73,82],"tags":[],"class_list":["post-144195","post","type-post","status-publish","format-standard","hentry","category-actualite","category-cameroun"],"_links":{"self":[{"href":"https:\/\/linitiative.ca\/International\/wp-json\/wp\/v2\/posts\/144195","targetHints":{"allow":["GET"]}}],"collection":[{"href":"https:\/\/linitiative.ca\/International\/wp-json\/wp\/v2\/posts"}],"about":[{"href":"https:\/\/linitiative.ca\/International\/wp-json\/wp\/v2\/types\/post"}],"author":[{"embeddable":true,"href":"https:\/\/linitiative.ca\/International\/wp-json\/wp\/v2\/users\/1965"}],"replies":[{"embeddable":true,"href":"https:\/\/linitiative.ca\/International\/wp-json\/wp\/v2\/comments?post=144195"}],"version-history":[{"count":0,"href":"https:\/\/linitiative.ca\/International\/wp-json\/wp\/v2\/posts\/144195\/revisions"}],"wp:attachment":[{"href":"https:\/\/linitiative.ca\/International\/wp-json\/wp\/v2\/media?parent=144195"}],"wp:term":[{"taxonomy":"category","embeddable":true,"href":"https:\/\/linitiative.ca\/International\/wp-json\/wp\/v2\/categories?post=144195"},{"taxonomy":"post_tag","embeddable":true,"href":"https:\/\/linitiative.ca\/International\/wp-json\/wp\/v2\/tags?post=144195"}],"curies":[{"name":"wp","href":"https:\/\/api.w.org\/{rel}","templated":true}]}}