{"id":144197,"date":"2022-03-28T13:18:04","date_gmt":"2022-03-28T17:18:04","guid":{"rendered":"https:\/\/linitiative.ca\/International\/cote-divoire-des-vehicules-pour-lenseignement-superieur\/"},"modified":"2022-03-28T13:18:04","modified_gmt":"2022-03-28T17:18:04","slug":"cote-divoire-des-vehicules-pour-lenseignement-superieur","status":"publish","type":"post","link":"https:\/\/linitiative.ca\/International\/cote-divoire-des-vehicules-pour-lenseignement-superieur\/","title":{"rendered":"C\u00f4te d\u2019Ivoire: des v\u00e9hicules pour l\u2019enseignement sup\u00e9rieur"},"content":{"rendered":"<div>\n<p><img decoding=\"async\" width=\"1080\" height=\"720\" src=\"https:\/\/linitiative.ca\/International\/wp-content\/uploads\/sites\/23\/2022\/03\/16484878849503.jpg\" class=\"attachment-post-thumbnail size-post-thumbnail wp-post-image\" alt=\"\" loading=\"lazy\" srcset=\"https:\/\/linitiative.ca\/International\/wp-content\/uploads\/sites\/23\/2022\/03\/16484878849503.jpg 1080w, https:\/\/www.journalducameroun.com\/wp-content\/uploads\/2022\/03\/16484878849503-300x200.jpg 300w, https:\/\/www.journalducameroun.com\/wp-content\/uploads\/2022\/03\/16484878849503-1024x683.jpg 1024w, https:\/\/www.journalducameroun.com\/wp-content\/uploads\/2022\/03\/16484878849503-768x512.jpg 768w, https:\/\/www.journalducameroun.com\/wp-content\/uploads\/2022\/03\/16484878849503-660x440.jpg 660w, https:\/\/www.journalducameroun.com\/wp-content\/uploads\/2022\/03\/16484878849503-600x400.jpg 600w\" sizes=\"auto, (max-width: 1080px) 100vw, 1080px\"><\/p>\n<p>Trente v\u00e9hicules ont \u00e9t\u00e9 remis, lundi, au minist\u00e8re ivoirien de l&rsquo;Enseignement sup\u00e9rieur et de la recherche scientifique afin \u00ab d&rsquo;am\u00e9liorer sensiblement l&rsquo;efficacit\u00e9 du syst\u00e8me de l&rsquo;enseignement sup\u00e9rieur et de recherche scientifique \u00bb du pays.Cette remise qui a fait l&rsquo;objet d&rsquo;une c\u00e9r\u00e9monie \u00e0 l&rsquo;Universit\u00e9 F\u00e9lix Houphou\u00ebt Boigny d&rsquo;Abidjan Cocody a permis au ministre de l&rsquo;Enseignement sup\u00e9rieur et de la recherche scientifique, Professeur Adama Diawara, de rappeler que ces v\u00e9hicules constitu\u00e9s de trois cars, d&rsquo;une ambulance et de 26 v\u00e9hicules ordinaires de type 4&#215;4 et berline s&rsquo;inscrivent dans le cadre du Programme d&rsquo;investissement 2017.<\/p>\n<p>\u00ab Ces v\u00e9hicules serviront \u00e0 am\u00e9liorer de fa\u00e7on sensible l&rsquo;efficacit\u00e9 de l&rsquo;administration centrale du minist\u00e8re et \u00e9galement des structures sous tutelles, et partant, d&rsquo;am\u00e9liorer sensiblement l&rsquo;efficacit\u00e9 de notre syst\u00e8me de l&rsquo;Enseignement sup\u00e9rieur et de la recherche scientifique \u00bb, a-t-il expliqu\u00e9.<\/p>\n<p>\u00ab Je compte sur vous pour faire en sorte que ces v\u00e9hicules soient utilis\u00e9s \u00e0 bon escient \u00bb, a lanc\u00e9 le ministre \u00e0 l&rsquo;endroit des b\u00e9n\u00e9ficiaires, saluant dans la foul\u00e9e le pr\u00e9sident Alassane Ouattara, le Premier ministre d&rsquo;alors Amadou Gon Coulibaly et l&rsquo;actuel Premier ministre Patrick Achi, gr\u00e2ce \u00e0 qui ce programme a \u00e9t\u00e9 possible.<\/p>\n<p>Auparavant, le porte-parole des b\u00e9n\u00e9ficiaires, le Professeur Tano Yao, \u00e9galement pr\u00e9sident de l&rsquo;Universit\u00e9 Nangui Abrogoua (Abobo-Adjam\u00e9), a soulign\u00e9 que \u00ab la mise \u00e0 disposition de ces v\u00e9hicules contribuera \u00e0 l&rsquo;atteinte des objectifs acad\u00e9miques \u00bb.<\/p>\n<p>A l&rsquo;en croire, un pas important vers une disponibilit\u00e9 suffisante de v\u00e9hicules vient d&rsquo;\u00eatre franchi malgr\u00e9 la situation \u00e9conomique difficile du pays.<\/p>\n<p>Saluant la \u00ab disponibilit\u00e9 \u00bb du ministre \u00e0 am\u00e9liorer les conditions de travail de ses collaborateurs, le professeur Tano Yao a \u00a0 \u00a0 \u00a0 \u00a0 \u00a0d\u00e9clar\u00e9 : \u00ab Nous prenons l&rsquo;engagement de faire un bon usage de ces v\u00e9hicules remis ce matin \u00bb.<\/p>\n<p>Le Programme d&rsquo;investissement 2017 consiste notamment pour le sous-secteur \u00e9ducation \u00e0 construire des amphith\u00e9\u00e2tres, des b\u00e2timents de travaux dirig\u00e9s (TD) et de travaux pratiques (TP), \u00e0 acqu\u00e9rir des \u00e9quipements, \u00e0 achever la r\u00e9habilitation des cit\u00e9s universitaires et \u00e0 construire de nouvelles cit\u00e9s.<\/p>\n<p>Cet article <a rel=\"nofollow\" href=\"https:\/\/www.journalducameroun.com\/cote-divoire-des-vehicules-pour-lenseignement-superieur\/\">C\u00f4te d\u2019Ivoire: des v\u00e9hicules pour l\u2019enseignement sup\u00e9rieur<\/a> est apparu en premier sur <a rel=\"nofollow\" href=\"https:\/\/www.journalducameroun.com\/\">Journal du Cameroun<\/a>.<\/p>\n<\/div>\n<p>Auteur: APA News<br \/>\n<a href=\"https:\/\/www.journalducameroun.com\/cote-divoire-des-vehicules-pour-lenseignement-superieur\/\">Cliquez ici pour lire l&rsquo;article depuis sa source.<\/a><\/p>\n","protected":false},"excerpt":{"rendered":"<p>Trente v\u00e9hicules ont \u00e9t\u00e9 remis, lundi, au minist\u00e8re ivoirien de l&rsquo;Enseignement sup\u00e9rieur et de la recherche scientifique afin \u00ab d&rsquo;am\u00e9liorer sensiblement l&rsquo;efficacit\u00e9 du syst\u00e8me de l&rsquo;enseignement sup\u00e9rieur et de recherche scientifique \u00bb du pays.Cette remise qui a fait l&rsquo;objet d&rsquo;une c\u00e9r\u00e9monie \u00e0 l&rsquo;Universit\u00e9 F\u00e9lix Houphou\u00ebt Boigny d&rsquo;Abidjan Cocody a permis au ministre de l&rsquo;Enseignement sup\u00e9rieur [&hellip;]<\/p>\n","protected":false},"author":1965,"featured_media":0,"comment_status":"closed","ping_status":"closed","sticky":false,"template":"","format":"standard","meta":{"fifu_image_url":"https:\/\/www.journalducameroun.com\/wp-content\/uploads\/2022\/03\/16484878849503.jpg","fifu_image_alt":"C\u00f4te d\u2019Ivoire: des v\u00e9hicules pour l\u2019enseignement sup\u00e9rieur","footnotes":""},"categories":[73,82],"tags":[],"class_list":["post-144197","post","type-post","status-publish","format-standard","hentry","category-actualite","category-cameroun"],"_links":{"self":[{"href":"https:\/\/linitiative.ca\/International\/wp-json\/wp\/v2\/posts\/144197","targetHints":{"allow":["GET"]}}],"collection":[{"href":"https:\/\/linitiative.ca\/International\/wp-json\/wp\/v2\/posts"}],"about":[{"href":"https:\/\/linitiative.ca\/International\/wp-json\/wp\/v2\/types\/post"}],"author":[{"embeddable":true,"href":"https:\/\/linitiative.ca\/International\/wp-json\/wp\/v2\/users\/1965"}],"replies":[{"embeddable":true,"href":"https:\/\/linitiative.ca\/International\/wp-json\/wp\/v2\/comments?post=144197"}],"version-history":[{"count":0,"href":"https:\/\/linitiative.ca\/International\/wp-json\/wp\/v2\/posts\/144197\/revisions"}],"wp:attachment":[{"href":"https:\/\/linitiative.ca\/International\/wp-json\/wp\/v2\/media?parent=144197"}],"wp:term":[{"taxonomy":"category","embeddable":true,"href":"https:\/\/linitiative.ca\/International\/wp-json\/wp\/v2\/categories?post=144197"},{"taxonomy":"post_tag","embeddable":true,"href":"https:\/\/linitiative.ca\/International\/wp-json\/wp\/v2\/tags?post=144197"}],"curies":[{"name":"wp","href":"https:\/\/api.w.org\/{rel}","templated":true}]}}