{"id":144199,"date":"2022-03-28T14:18:03","date_gmt":"2022-03-28T18:18:03","guid":{"rendered":"https:\/\/linitiative.ca\/International\/sommet-de-sde-boker-le-maroc-appelle-a-une-nouvelle-dynamique-de-paix\/"},"modified":"2022-03-28T14:18:03","modified_gmt":"2022-03-28T18:18:03","slug":"sommet-de-sde-boker-le-maroc-appelle-a-une-nouvelle-dynamique-de-paix","status":"publish","type":"post","link":"https:\/\/linitiative.ca\/International\/sommet-de-sde-boker-le-maroc-appelle-a-une-nouvelle-dynamique-de-paix\/","title":{"rendered":"Sommet de Sde Boker: le Maroc appelle \u00e0 une nouvelle dynamique de paix"},"content":{"rendered":"<div>\n<p><img decoding=\"async\" width=\"1024\" height=\"768\" src=\"https:\/\/linitiative.ca\/International\/wp-content\/uploads\/sites\/23\/2022\/03\/16484914839102.jpg\" class=\"attachment-post-thumbnail size-post-thumbnail wp-post-image\" alt=\"\" loading=\"lazy\" srcset=\"https:\/\/linitiative.ca\/International\/wp-content\/uploads\/sites\/23\/2022\/03\/16484914839102.jpg 1024w, https:\/\/www.journalducameroun.com\/wp-content\/uploads\/2022\/03\/16484914839102-300x225.jpg 300w, https:\/\/www.journalducameroun.com\/wp-content\/uploads\/2022\/03\/16484914839102-768x576.jpg 768w, https:\/\/www.journalducameroun.com\/wp-content\/uploads\/2022\/03\/16484914839102-587x440.jpg 587w, https:\/\/www.journalducameroun.com\/wp-content\/uploads\/2022\/03\/16484914839102-600x450.jpg 600w\" sizes=\"auto, (max-width: 1024px) 100vw, 1024px\"><\/p>\n<p>Le ministre marocain des Affaires \u00e9trang\u00e8res, Nasser Bourita, a appel\u00e9 lundi \u00e0 insuffler une nouvelle dynamique au processus de paix et \u00e0 prendre des mesures concr\u00e8tes ouvrant des perspectives prometteuses aux peuples de la r\u00e9gion du Moyen-Orient.\u00a0\u00bbNous devons batir une dynamique selon des \u00e9tapes concr\u00e8tes que les peuples ressentent et qui contribue \u00e0 am\u00e9liorer la vie du monde et \u00e0 ouvrir des perspectives prometteuses pour la jeunesse et les populations de la r\u00e9gion\u00a0\u00bb, a -t-il dit lors d&rsquo;un point de presse en marge du sommet diplomatique de Sde Boker, qui a r\u00e9uni les ministres des Affaires \u00e9trang\u00e8res des Etats-Unis, d&rsquo;Isra\u00ebl, du Maroc, de Bahrein, de l&rsquo;Egypte et des Emirats arabes unis.<\/p>\n<p>Pour sa premi\u00e8re visite officielle en Isra\u00ebl depuis la normalisation des relations entre les deux pays, Bourita a expliqu\u00e9 que ce sommet est l&rsquo;occasion pour les participants de \u00ab\u00a0constituer une force oeuvrant pour la paix\u00a0\u00bb. \u00ab\u00a0Nous participons \u00e0 ce sommet pour \u00eatre une force \u0153uvrant pour la paix et dire qu&rsquo;une solution \u00e0 la question palestinienne et au conflit arabo-isra\u00e9lien est possible\u00a0\u00bb, a-il-dit.<\/p>\n<p>Dans ce sens, le ministre marocain a tenu \u00e0 rappeler la vision du Roi Mohammed VI, bas\u00e9e sur la solution \u00e0 deux Etats vivant c\u00f4te \u00e0 c\u00f4te avec Al-Qods comme la capitale de l&rsquo;Etat palestinien.<\/p>\n<p>\u00ab\u00a0Nous sommes ici aujourd&rsquo;hui car nous croyons vraiment \u00e0 la paix, non pas la paix dans laquelle chacun ignore l&rsquo;autre, mais celle bas\u00e9e sur la construction de valeurs et d&rsquo;int\u00e9r\u00eats communs, celle qui nous \u00e9loigne de la guerre\u00a0\u00bb, a-t-il insist\u00e9.<\/p>\n<p>Par ailleurs, Bourita a indiqu\u00e9 que le sommet a port\u00e9 de nombreux positifs aux peuples de la r\u00e9gion. \u00ab\u00a0Des messages clairs et fermes pour ceux qui oeuvrent directement ou par l&rsquo;interm\u00e9diaire de suppl\u00e9tifs, que nous sommes ici pour d\u00e9fendre nos valeurs et nos int\u00e9r\u00eats et pour cr\u00e9er un effet dissuasif afin de prot\u00e9ger cette dynamique\u00a0\u00bb.<\/p>\n<p>D&rsquo;ailleurs, la normalisation des relations entre le Maroc et Isra\u00ebl est loin d&rsquo;\u00eatre \u00ab\u00a0une d\u00e9cision opportuniste\u00a0\u00bb, mais plut\u00f4t, affirme Bourita \u00ab\u00a0une mesure prise avec conviction\u00a0\u00bb, insistant ainsi sur les \u00ab\u00a0liens forts qui existent entre le Maroc et la communaut\u00e9 juive, ainsi que l&rsquo;implication historique de ce pays dans le processus de paix\u00a0\u00bb.<\/p>\n<p>A cet \u00e9gard, a-t-il ajout\u00e9, \u00ab\u00a0le dynamisme r\u00e9gional est tr\u00e8s important, tout comme la stabilit\u00e9 r\u00e9gionale afin de promouvoir la paix entre Isra\u00ebl et la Palestine\u00a0\u00bb. Pour Bourita, le Maroc a jou\u00e9 un r\u00f4le moteur dans le processus de paix au Moyen-Orient, affirmant que le pays est \u00a0pr\u00eat \u00e0 contribuer \u00e0 donner un nouvel \u00e9lan \u00e0 cette dynamique.\u00a0\u00bb<\/p>\n<p>S&rsquo;agissant des relations maroco-isra\u00e9liennes, Bourita a affirm\u00e9 que de nombreux progr\u00e8s ont \u00e9t\u00e9 accomplis depuis la signature de la d\u00e9claration tripartite \u00e0 Rabat, citant entre-autres le lancement de vols reliant les deux pays.<\/p>\n<p>Bourita a fait savoir que les relations maroco-isra\u00e9liennes conna\u00eetront bient\u00f4t une importante dynamique qui contribuera davantage \u00e0 renforcer ces relations dans divers domaines, notamment diplomatique.<\/p>\n<p>Cet article <a rel=\"nofollow\" href=\"https:\/\/www.journalducameroun.com\/sommet-de-sde-boker-le-maroc-appelle-a-une-nouvelle-dynamique-de-paix\/\">Sommet de Sde Boker: le Maroc appelle \u00e0 une nouvelle dynamique de paix<\/a> est apparu en premier sur <a rel=\"nofollow\" href=\"https:\/\/www.journalducameroun.com\/\">Journal du Cameroun<\/a>.<\/p>\n<\/div>\n<p>Auteur: APA News<br \/>\n<a href=\"https:\/\/www.journalducameroun.com\/sommet-de-sde-boker-le-maroc-appelle-a-une-nouvelle-dynamique-de-paix\/\">Cliquez ici pour lire l&rsquo;article depuis sa source.<\/a><\/p>\n","protected":false},"excerpt":{"rendered":"<p>Le ministre marocain des Affaires \u00e9trang\u00e8res, Nasser Bourita, a appel\u00e9 lundi \u00e0 insuffler une nouvelle dynamique au processus de paix et \u00e0 prendre des mesures concr\u00e8tes ouvrant des perspectives prometteuses aux peuples de la r\u00e9gion du Moyen-Orient.\u00a0\u00bbNous devons batir une dynamique selon des \u00e9tapes concr\u00e8tes que les peuples ressentent et qui contribue \u00e0 am\u00e9liorer la [&hellip;]<\/p>\n","protected":false},"author":1965,"featured_media":0,"comment_status":"closed","ping_status":"closed","sticky":false,"template":"","format":"standard","meta":{"fifu_image_url":"https:\/\/www.journalducameroun.com\/wp-content\/uploads\/2022\/03\/16484914839102.jpg","fifu_image_alt":"Sommet de Sde Boker: le Maroc appelle \u00e0 une nouvelle dynamique de paix","footnotes":""},"categories":[73,82],"tags":[],"class_list":["post-144199","post","type-post","status-publish","format-standard","hentry","category-actualite","category-cameroun"],"_links":{"self":[{"href":"https:\/\/linitiative.ca\/International\/wp-json\/wp\/v2\/posts\/144199","targetHints":{"allow":["GET"]}}],"collection":[{"href":"https:\/\/linitiative.ca\/International\/wp-json\/wp\/v2\/posts"}],"about":[{"href":"https:\/\/linitiative.ca\/International\/wp-json\/wp\/v2\/types\/post"}],"author":[{"embeddable":true,"href":"https:\/\/linitiative.ca\/International\/wp-json\/wp\/v2\/users\/1965"}],"replies":[{"embeddable":true,"href":"https:\/\/linitiative.ca\/International\/wp-json\/wp\/v2\/comments?post=144199"}],"version-history":[{"count":0,"href":"https:\/\/linitiative.ca\/International\/wp-json\/wp\/v2\/posts\/144199\/revisions"}],"wp:attachment":[{"href":"https:\/\/linitiative.ca\/International\/wp-json\/wp\/v2\/media?parent=144199"}],"wp:term":[{"taxonomy":"category","embeddable":true,"href":"https:\/\/linitiative.ca\/International\/wp-json\/wp\/v2\/categories?post=144199"},{"taxonomy":"post_tag","embeddable":true,"href":"https:\/\/linitiative.ca\/International\/wp-json\/wp\/v2\/tags?post=144199"}],"curies":[{"name":"wp","href":"https:\/\/api.w.org\/{rel}","templated":true}]}}