{"id":144201,"date":"2022-03-28T09:01:55","date_gmt":"2022-03-28T13:01:55","guid":{"rendered":"https:\/\/linitiative.ca\/International\/energie-le-neerlandais-philips-lorgne-vers-le-cameroun\/"},"modified":"2022-03-28T09:01:55","modified_gmt":"2022-03-28T13:01:55","slug":"energie-le-neerlandais-philips-lorgne-vers-le-cameroun","status":"publish","type":"post","link":"https:\/\/linitiative.ca\/International\/energie-le-neerlandais-philips-lorgne-vers-le-cameroun\/","title":{"rendered":"Energie\u00a0: le n\u00e9erlandais Philips lorgne vers le Cameroun"},"content":{"rendered":"<div>\n<p>Le march\u00e9 camerounais int\u00e9resse fortement la firme Philips, sp\u00e9cialis\u00e9e dans l\u2019\u00e9lectronique, \u00e9lectrom\u00e9nager, \u00e9quipements m\u00e9dicaux et l\u2019\u00e9clairage. \u00c0 l\u2019occasion du forum \u00e9conomique Cameroun- Pays-bas d\u00e9roul\u00e9 le 23 mars dernier \u00e0 Douala, Moez Fourati le repr\u00e9sentant de la marque a clairement d\u00e9voil\u00e9 les ambitions du g\u00e9ant hollandais au Cameroun: \u00abJ\u2019ai \u00e9t\u00e9 envoy\u00e9 par Philips au Cameroun pour rechercher des distributeurs priv\u00e9s ou des partenaires pour r\u00e9aliser des grands projets. Nous sommes persuad\u00e9s que les besoins existent, mais \u00e9galement des investisseurs dynamiques pour un partenariat gagnant- gagnant \u00bb, s\u2019est exprim\u00e9 l\u2019homme d\u2019affaires face aux investisseurs camerounais.<\/p>\n<p>Les investisseurs n\u00e9erlandais se sont enqu\u00e9ris du climat des affaires au Cameroun, des incitations fiscalo-douani\u00e8res, de la r\u00e8glementation bancaire etc. Deux domaines int\u00e9ressent particuli\u00e8rement la Soci\u00e9t\u00e9 Phillips au Cameroun : l\u2019\u00e9clairage \u00e9lectrique et solaire. Parmi les grands projets \u00e0 impl\u00e9menter par l\u2019entreprise au Cameroun, pour une couverture totale des villes et localit\u00e9s camerounaises, figure celui de l\u2019\u00e9lectrification de 9000 localit\u00e9s, pour un montant d\u2019environ 874 milliards de FCFA, renseigne- t-on au minist\u00e8re de l\u2019eau et de l\u2019\u00e9nergie.<\/p>\n<p>L\u2019article <a rel=\"nofollow\" href=\"https:\/\/ecomatin.net\/energie-le-neerlandais-philips-lorgne-vers-s-le-cameroun\/\">Energie\u00a0: le n\u00e9erlandais Philips lorgne vers le Cameroun<\/a> est apparu en premier sur <a rel=\"nofollow\" href=\"https:\/\/ecomatin.net\/\">EcoMatin<\/a>.<\/p>\n<\/div>\n<p>Auteur: Georges Semey<br \/>\n<a href=\"https:\/\/ecomatin.net\/energie-le-neerlandais-philips-lorgne-vers-s-le-cameroun\/\">Cliquez ici pour lire l&rsquo;article depuis sa source.<\/a><\/p>\n","protected":false},"excerpt":{"rendered":"<p>Le march\u00e9 camerounais int\u00e9resse fortement la firme Philips, sp\u00e9cialis\u00e9e dans l\u2019\u00e9lectronique, \u00e9lectrom\u00e9nager, \u00e9quipements m\u00e9dicaux et l\u2019\u00e9clairage. \u00c0 l\u2019occasion du forum \u00e9conomique Cameroun- Pays-bas d\u00e9roul\u00e9 le 23 mars dernier \u00e0 Douala, Moez Fourati le repr\u00e9sentant de la marque a clairement d\u00e9voil\u00e9 les ambitions du g\u00e9ant hollandais au Cameroun: \u00abJ\u2019ai \u00e9t\u00e9 envoy\u00e9 par Philips au Cameroun pour [&hellip;]<\/p>\n","protected":false},"author":1969,"featured_media":0,"comment_status":"closed","ping_status":"closed","sticky":false,"template":"","format":"standard","meta":{"fifu_image_url":"","fifu_image_alt":"","footnotes":""},"categories":[82,78],"tags":[],"class_list":["post-144201","post","type-post","status-publish","format-standard","hentry","category-cameroun","category-economie"],"_links":{"self":[{"href":"https:\/\/linitiative.ca\/International\/wp-json\/wp\/v2\/posts\/144201","targetHints":{"allow":["GET"]}}],"collection":[{"href":"https:\/\/linitiative.ca\/International\/wp-json\/wp\/v2\/posts"}],"about":[{"href":"https:\/\/linitiative.ca\/International\/wp-json\/wp\/v2\/types\/post"}],"author":[{"embeddable":true,"href":"https:\/\/linitiative.ca\/International\/wp-json\/wp\/v2\/users\/1969"}],"replies":[{"embeddable":true,"href":"https:\/\/linitiative.ca\/International\/wp-json\/wp\/v2\/comments?post=144201"}],"version-history":[{"count":0,"href":"https:\/\/linitiative.ca\/International\/wp-json\/wp\/v2\/posts\/144201\/revisions"}],"wp:attachment":[{"href":"https:\/\/linitiative.ca\/International\/wp-json\/wp\/v2\/media?parent=144201"}],"wp:term":[{"taxonomy":"category","embeddable":true,"href":"https:\/\/linitiative.ca\/International\/wp-json\/wp\/v2\/categories?post=144201"},{"taxonomy":"post_tag","embeddable":true,"href":"https:\/\/linitiative.ca\/International\/wp-json\/wp\/v2\/tags?post=144201"}],"curies":[{"name":"wp","href":"https:\/\/api.w.org\/{rel}","templated":true}]}}