{"id":144204,"date":"2022-03-28T10:01:20","date_gmt":"2022-03-28T14:01:20","guid":{"rendered":"https:\/\/linitiative.ca\/International\/hamadou-bakary-confirme-au-poste-de-dga-de-camrail-sa\/"},"modified":"2022-03-28T10:01:20","modified_gmt":"2022-03-28T14:01:20","slug":"hamadou-bakary-confirme-au-poste-de-dga-de-camrail-sa","status":"publish","type":"post","link":"https:\/\/linitiative.ca\/International\/hamadou-bakary-confirme-au-poste-de-dga-de-camrail-sa\/","title":{"rendered":"Hamadou Bakary confirm\u00e9 au poste de DGA de Camrail SA."},"content":{"rendered":"<div>\n<p>Camrail SA, filiale du Groupe Bollor\u00e9 Railways, vient de nommer au poste de Directeur g\u00e9n\u00e9ral Adjoint(DGA) charg\u00e9 des op\u00e9rations, Hamadou Bakary, natif de Ka\u00e9l\u00e9 dans l\u2019Extr\u00eame-Nord du Cameroun. Nomm\u00e9 par int\u00e9rim le 14 f\u00e9vrier 2022, il a \u00e9t\u00e9 confirm\u00e9 le 17 mars dernier par le Conseil d\u2019Administration de l\u2019entreprise. Il remplace \u00e0 ce poste Michel Ossock, d\u00e9c\u00e9d\u00e9 des suites de maladie le 24 septembre 2021.<\/p>\n<p>Ing\u00e9nieur de conception en G\u00e9nie Civil, Hamadou Bakary est dipl\u00f4m\u00e9 de l\u2019Ecole nationale sup\u00e9rieure Polytechnique (Ensp) de Yaound\u00e9. Une fois sorti de l\u2019\u00e9cole, il rejoint la Cameroon railways\u00a0(Camrail) en juillet 2000. En 22 ans de carri\u00e8re, il a tour \u00e0 tour \u00e9t\u00e9 ing\u00e9nieur assistant, chef de division installations fixes, coordinateur des r\u00e9gions de l\u2019Est et du Nord cumulativement avec les fonctions de directeur d\u2019exploitation SMN\u00a0(port sec), directeur adjoint commercial et marketing fret et Directeur des installations fixes.<\/p>\n<p>Aussi, note-t-on que ce dernier a dirig\u00e9 et particip\u00e9 \u00e0 l\u2019ensemble des projets de reconstruction et de r\u00e9habilitation de la voie et des infrastructures ferroviaires mis en place dans le cadre du programme quinquennal n\u00b01, dans l\u2019optique de la modernisation et l\u2019extension du r\u00e9seau ferroviaire\u00a0camerounais.<\/p>\n<p>Dans sa nouvelle fonction, Hamadou Bakary aura pour principale mission de coordonner toutes les directions techniques de Camrail. Notamment au sein des directions m\u00e9tiers, afin d\u2019assurer l\u2019efficacit\u00e9 des actions d\u2019entretien et de maintenance pour un meilleur rendement. Bien plus, il assurera la mise en \u0153uvre du management de la s\u00e9curit\u00e9 ferroviaire, de l\u2019optimisation du plan de transport et de l\u2019\u00e9laboration de la strat\u00e9gie logistique coh\u00e9rente avec les ambitions commerciales.\u00a0<\/p>\n<p>Rappelons que dans le cadre d\u2019un contrat de concession sign\u00e9 avec l\u2019\u00c9tat du Cameroun, la filiale du Groupe Bollor\u00e9 Railways a pour principal objectif d\u2019exploiter le r\u00e9seau ferroviaire camerounais et ce, depuis le 1er avril 1999. Aussi, note-t-on que la mise en concession du chemin de fer a permis une \u00e9volution qualitative du transport ferroviaire. Son actionnaire de r\u00e9f\u00e9rence est Bollor\u00e9 Africa Logistics avec 77,4 % ; l\u2019\u00c9tat du Cameroun 13,5 % ; Total Cameroun 5,3 % et SEBC (groupe Thanry) avec 3,8 %.<\/p>\n<p>L\u2019article <a rel=\"nofollow\" href=\"https:\/\/ecomatin.net\/hamadou-bakary-confirme-au-poste-de-dga-de-camrail-sa\/\">Hamadou Bakary confirm\u00e9 au poste de DGA de Camrail SA.<\/a> est apparu en premier sur <a rel=\"nofollow\" href=\"https:\/\/ecomatin.net\/\">EcoMatin<\/a>.<\/p>\n<\/div>\n<p>Auteur: Mairamou Abdou<br \/>\n<a href=\"https:\/\/ecomatin.net\/hamadou-bakary-confirme-au-poste-de-dga-de-camrail-sa\/\">Cliquez ici pour lire l&rsquo;article depuis sa source.<\/a><\/p>\n","protected":false},"excerpt":{"rendered":"<p>Camrail SA, filiale du Groupe Bollor\u00e9 Railways, vient de nommer au poste de Directeur g\u00e9n\u00e9ral Adjoint(DGA) charg\u00e9 des op\u00e9rations, Hamadou Bakary, natif de Ka\u00e9l\u00e9 dans l\u2019Extr\u00eame-Nord du Cameroun. Nomm\u00e9 par int\u00e9rim le 14 f\u00e9vrier 2022, il a \u00e9t\u00e9 confirm\u00e9 le 17 mars dernier par le Conseil d\u2019Administration de l\u2019entreprise. Il remplace \u00e0 ce poste Michel [&hellip;]<\/p>\n","protected":false},"author":1969,"featured_media":0,"comment_status":"closed","ping_status":"closed","sticky":false,"template":"","format":"standard","meta":{"fifu_image_url":"","fifu_image_alt":"","footnotes":""},"categories":[82,78],"tags":[],"class_list":["post-144204","post","type-post","status-publish","format-standard","hentry","category-cameroun","category-economie"],"_links":{"self":[{"href":"https:\/\/linitiative.ca\/International\/wp-json\/wp\/v2\/posts\/144204","targetHints":{"allow":["GET"]}}],"collection":[{"href":"https:\/\/linitiative.ca\/International\/wp-json\/wp\/v2\/posts"}],"about":[{"href":"https:\/\/linitiative.ca\/International\/wp-json\/wp\/v2\/types\/post"}],"author":[{"embeddable":true,"href":"https:\/\/linitiative.ca\/International\/wp-json\/wp\/v2\/users\/1969"}],"replies":[{"embeddable":true,"href":"https:\/\/linitiative.ca\/International\/wp-json\/wp\/v2\/comments?post=144204"}],"version-history":[{"count":0,"href":"https:\/\/linitiative.ca\/International\/wp-json\/wp\/v2\/posts\/144204\/revisions"}],"wp:attachment":[{"href":"https:\/\/linitiative.ca\/International\/wp-json\/wp\/v2\/media?parent=144204"}],"wp:term":[{"taxonomy":"category","embeddable":true,"href":"https:\/\/linitiative.ca\/International\/wp-json\/wp\/v2\/categories?post=144204"},{"taxonomy":"post_tag","embeddable":true,"href":"https:\/\/linitiative.ca\/International\/wp-json\/wp\/v2\/tags?post=144204"}],"curies":[{"name":"wp","href":"https:\/\/api.w.org\/{rel}","templated":true}]}}