{"id":144205,"date":"2022-03-28T12:56:50","date_gmt":"2022-03-28T16:56:50","guid":{"rendered":"https:\/\/linitiative.ca\/International\/innovation-numerique-le-princnac-octroie-environ-100-millions-pour-le-developpement-de-3-projets-au-cameroun\/"},"modified":"2022-03-28T12:56:50","modified_gmt":"2022-03-28T16:56:50","slug":"innovation-numerique-le-princnac-octroie-environ-100-millions-pour-le-developpement-de-3-projets-au-cameroun","status":"publish","type":"post","link":"https:\/\/linitiative.ca\/International\/innovation-numerique-le-princnac-octroie-environ-100-millions-pour-le-developpement-de-3-projets-au-cameroun\/","title":{"rendered":"Innovation num\u00e9rique\u00a0: le Princnac octroie environ 100 millions pour le d\u00e9veloppement de 3 projets au Cameroun\u00a0"},"content":{"rendered":"<div>\n<p>Du 22 au 23 mars 2022, au Centre International de R\u00e9f\u00e9rence Chantal Biya pour la\u00a0recherche sur la pr\u00e9vention et la prise en charge du VIH\/SIDA(Circb) se sont tenues les travaux de lancement des micros projets\u00a0du programme \u00ab\u00a0Promotion de la recherche, l\u2019innovation et la culture num\u00e9rique en Afrique Centrale (Pricnac)\u00a0\u00bb, s\u00e9lectionn\u00e9s \u00e0 l\u2019issue de l\u2019appel \u00e0 proposition de micro-projets lanc\u00e9 en juillet 2021. Une s\u00e9lection qui a permis de d\u00e9nicher trois projets camerounais qui b\u00e9n\u00e9ficieront d\u2019un accompagnement technique et financier compris entre 150.000 et 155.000 euros. Il s\u2019agit\u00a0de l\u2019association pour la promotion d\u2019un outil environnement vert et vivable(Apevv), son projet va permettre de cr\u00e9er des synergies dans l\u2019\u00e9cosyst\u00e8me de la recherche et de l\u2019innovation. Y figure \u00e9galement l\u2019association pour le d\u00e9veloppement int\u00e9gr\u00e9 et la solidarit\u00e9 (Adisi), qui entend mettre en place un r\u00e9seau de tiers lieux pour accompagner les territoires vers un d\u00e9veloppement durable et inclusif. La Cameroon Youth TechSchool incubator (Caysti) pour sa part veut am\u00e9liorer la professionnalisation du processus p\u00e9dagogique des \u00e9coles gr\u00e2ces aux technologies 3D.<\/p>\n<p>Globalement la rencontre visait \u00e0 sensibiliser et former les porteurs de projet sur la gestion financi\u00e8re et administrative de la subvention accord\u00e9e afin des attentes des membres du consortium et du bailleur de fonds, \u00e0 pr\u00e9senter les micro-projets s\u00e9lectionn\u00e9s et leur contribution \u00e0 l\u2019atteinte des objectifs du projet pricnac\u2026<\/p>\n<p>Rappelons que\u00a0Pricnac a pour objectif de renforcer les capacit\u00e9s de recherche-innovation dans les pays d\u2019Afrique centrale par la consolidation des \u00e9cosyst\u00e8mes d\u2019innovation, des synergies productrices, de l\u2019entrepreneuriat, du num\u00e9rique et des politiques d\u2019innovation au service du d\u00e9veloppement durable et de la r\u00e9duction de la pauvret\u00e9.<\/p>\n<p>Pricnac s\u00e9lectionne et finance en Afrique centrale, des micro-projets couvrant les quatre axes de l\u2019appel du Fonds ACP pour l\u2019innovation :am\u00e9liorer l\u2019acc\u00e8s \u00e0 la culture num\u00e9rique, la connaissance et l\u2019utilisation des technologies \u00e9mergentes ; cr\u00e9er ou renforcer des liens concrets entre le d\u00e9veloppement des comp\u00e9tences en recherche et innovation (R&amp;I) et les besoins du march\u00e9 du travail ; cr\u00e9er ou permettre des synergies dans l\u2019\u00e9cosyst\u00e8me de la recherche et de l\u2019innovation, y compris avec le secteur priv\u00e9; promouvoir les savoirs locaux et autochtones et leur utilisation en combinaison avec les syst\u00e8mes et les pratiques formels en mati\u00e8re de connaissance.\u00a0\u00a0Le\u00a0Pricnac est mis en \u0153uvre dans huit pays: Cameroun, Congo, Gabon, Guin\u00e9e \u00e9quatoriale, R\u00e9publique centrafricaine, R\u00e9publique d\u00e9mocratique du Congo, Sao Tom\u00e9-et-Principe et Tchad pour une p\u00e9riode d\u2019ex\u00e9cution de 4 ans (2021-2024).<\/p>\n<p>L\u2019article <a rel=\"nofollow\" href=\"https:\/\/ecomatin.net\/innovation-numerique-le-princnac-octroie-environ-100-millions-pour-le-developpement-de-3-projets-au-cameroun\/\">Innovation num\u00e9rique\u00a0: le Princnac octroie environ 100 millions pour le d\u00e9veloppement de 3 projets au Cameroun\u00a0<\/a> est apparu en premier sur <a rel=\"nofollow\" href=\"https:\/\/ecomatin.net\/\">EcoMatin<\/a>.<\/p>\n<\/div>\n<p>Auteur: Amina MALLOUM<br \/>\n<a href=\"https:\/\/ecomatin.net\/innovation-numerique-le-princnac-octroie-environ-100-millions-pour-le-developpement-de-3-projets-au-cameroun\/\">Cliquez ici pour lire l&rsquo;article depuis sa source.<\/a><\/p>\n","protected":false},"excerpt":{"rendered":"<p>Du 22 au 23 mars 2022, au Centre International de R\u00e9f\u00e9rence Chantal Biya pour la\u00a0recherche sur la pr\u00e9vention et la prise en charge du VIH\/SIDA(Circb) se sont tenues les travaux de lancement des micros projets\u00a0du programme \u00ab\u00a0Promotion de la recherche, l\u2019innovation et la culture num\u00e9rique en Afrique Centrale (Pricnac)\u00a0\u00bb, s\u00e9lectionn\u00e9s \u00e0 l\u2019issue de l\u2019appel \u00e0 [&hellip;]<\/p>\n","protected":false},"author":1969,"featured_media":0,"comment_status":"closed","ping_status":"closed","sticky":false,"template":"","format":"standard","meta":{"fifu_image_url":"","fifu_image_alt":"","footnotes":""},"categories":[82,78],"tags":[],"class_list":["post-144205","post","type-post","status-publish","format-standard","hentry","category-cameroun","category-economie"],"_links":{"self":[{"href":"https:\/\/linitiative.ca\/International\/wp-json\/wp\/v2\/posts\/144205","targetHints":{"allow":["GET"]}}],"collection":[{"href":"https:\/\/linitiative.ca\/International\/wp-json\/wp\/v2\/posts"}],"about":[{"href":"https:\/\/linitiative.ca\/International\/wp-json\/wp\/v2\/types\/post"}],"author":[{"embeddable":true,"href":"https:\/\/linitiative.ca\/International\/wp-json\/wp\/v2\/users\/1969"}],"replies":[{"embeddable":true,"href":"https:\/\/linitiative.ca\/International\/wp-json\/wp\/v2\/comments?post=144205"}],"version-history":[{"count":0,"href":"https:\/\/linitiative.ca\/International\/wp-json\/wp\/v2\/posts\/144205\/revisions"}],"wp:attachment":[{"href":"https:\/\/linitiative.ca\/International\/wp-json\/wp\/v2\/media?parent=144205"}],"wp:term":[{"taxonomy":"category","embeddable":true,"href":"https:\/\/linitiative.ca\/International\/wp-json\/wp\/v2\/categories?post=144205"},{"taxonomy":"post_tag","embeddable":true,"href":"https:\/\/linitiative.ca\/International\/wp-json\/wp\/v2\/tags?post=144205"}],"curies":[{"name":"wp","href":"https:\/\/api.w.org\/{rel}","templated":true}]}}