{"id":144208,"date":"2022-03-29T08:15:23","date_gmt":"2022-03-29T12:15:23","guid":{"rendered":"https:\/\/linitiative.ca\/International\/leadership-au-feminin-lesca-affiche-sa-volonte-de-soutenir-les-femmes-a-travers-son-alliance-avec-lafem\/"},"modified":"2022-03-29T08:15:23","modified_gmt":"2022-03-29T12:15:23","slug":"leadership-au-feminin-lesca-affiche-sa-volonte-de-soutenir-les-femmes-a-travers-son-alliance-avec-lafem","status":"publish","type":"post","link":"https:\/\/linitiative.ca\/International\/leadership-au-feminin-lesca-affiche-sa-volonte-de-soutenir-les-femmes-a-travers-son-alliance-avec-lafem\/","title":{"rendered":"Leadership au f\u00e9minin: L\u2019ESCA affiche sa volont\u00e9 de soutenir les femmes \u00e0 travers son alliance avec l\u2019AFEM"},"content":{"rendered":"<div>\n<p><img loading=\"lazy\" decoding=\"async\" width=\"300\" height=\"153\" src=\"https:\/\/linitiative.ca\/International\/wp-content\/uploads\/sites\/23\/2022\/03\/LESCA-affiche-sa-volonte-de-soutenir-les-femmes-a-travers-son-alliance-avec-lAFEM-300x153-1.png\" class=\"attachment-medium size-medium wp-post-image\" alt=\"\" srcset=\"https:\/\/linitiative.ca\/International\/wp-content\/uploads\/sites\/23\/2022\/03\/LESCA-affiche-sa-volonte-de-soutenir-les-femmes-a-travers-son-alliance-avec-lAFEM-300x153-1.png 300w, https:\/\/aujourdhui.ma\/wp-content\/uploads\/2022\/03\/LESCA-affiche-sa-volonte-de-soutenir-les-femmes-a-travers-son-alliance-avec-lAFEM-274x140.png 274w, https:\/\/aujourdhui.ma\/wp-content\/uploads\/2022\/03\/LESCA-affiche-sa-volonte-de-soutenir-les-femmes-a-travers-son-alliance-avec-lAFEM-746x380.png 746w, https:\/\/aujourdhui.ma\/wp-content\/uploads\/2022\/03\/LESCA-affiche-sa-volonte-de-soutenir-les-femmes-a-travers-son-alliance-avec-lAFEM-165x84.png 165w, https:\/\/aujourdhui.ma\/wp-content\/uploads\/2022\/03\/LESCA-affiche-sa-volonte-de-soutenir-les-femmes-a-travers-son-alliance-avec-lAFEM-702x358.png 702w, https:\/\/aujourdhui.ma\/wp-content\/uploads\/2022\/03\/LESCA-affiche-sa-volonte-de-soutenir-les-femmes-a-travers-son-alliance-avec-lAFEM.png 745w\" sizes=\"auto, (max-width: 300px) 100vw, 300px\"><\/p>\n<p><span style=\"color: #800000;\"><strong>L\u2019AFEM (Association des femmes cheffes d\u2019entreprises du Maroc) et ESCA Ecole de Management viennent de signer le 18 mars dernier une convention de partenariat. Objectif : contribuer ensemble au d\u00e9veloppement et \u00e0 la dynamisation de l\u2019\u00e9conomie, par la promotion de l\u2019esprit d\u2019entrepreneuriat et des pratiques de leadership f\u00e9minin performants et adapt\u00e9s.<\/strong><\/span><span id=\"more-403763\"><\/span><\/p>\n<p>Cette alliance permettra, \u00e9galement, de d\u00e9velopper des collaborations dans le domaine de la formation dans diverses disciplines destin\u00e9es aux entrepreneures. Concr\u00e8tement, les adh\u00e9rentes de l\u2019AFEM b\u00e9n\u00e9ficieront du programme certifiant \u00abLeadership f\u00e9minin\u00bb con\u00e7u par ESCA Ecole de management dans le cadre de \u00abESCA Women\u2019s Leadership Academy\u00bb. Pour ESCA Ecole de Management, cette nouvelle forme de collaboration permettra de renforcer la culture entrepreneuriale chez ses \u00e9tudiantes.<\/p>\n<p>Une mani\u00e8re en somme de leur offrir des opportunit\u00e9s d\u2019innovation et d\u2019exp\u00e9rimentation. Les deux parties comptent \u00e9galement coop\u00e9rer dans le cadre de projets de recherche en entrepreneuriat de telle sorte \u00e0 cr\u00e9er de la proximit\u00e9 aussi bien en direction des startups qu\u2019\u00e0 la communaut\u00e9 de l\u2019AFEM. Leila Doukkali, pr\u00e9sidente de l\u2019AFEM, a affirm\u00e9 sa satisfaction quant \u00e0 cette alliance en ces propos : \u00ab(\u2026 ) Le Maroc ne pourra pas atteindre ses objectifs \u00e9conomiques avec juste la moiti\u00e9 de sa population. La femme et la nouvelle g\u00e9n\u00e9ration doivent imp\u00e9rativement \u00eatre parties prenantes des d\u00e9fis qu\u2019attend notre Royaume en d\u00e9veloppant leur leadership et en d\u00e9montrant leur contribution au progr\u00e8s \u00e9conomique de notre Royaume. L\u2019esprit entrepreneurial peut \u00eatre renforc\u00e9 \u00e0 travers les cycles de formation en leadership, notamment et \u00e0 travers le partage des success stories de nos membres aupr\u00e8s des futures g\u00e9n\u00e9rations\u00bb.<\/p>\n<p>De son c\u00f4t\u00e9, Thami Ghorfi, pr\u00e9sident de ESCA Ecole de Management, a confirm\u00e9 cet enthousiaste : \u00abC\u2019est avec ce type d\u2019accords vertueux que nous pouvons cultiver l\u2019esprit entrepreneurial chez nos \u00e9tudiantes, et que nous pouvons agir pour contribuer \u00e0 renforcer le r\u00f4le que doivent jouer les femmes au Maroc. Pour relever les d\u00e9fis, le pays a besoin de l\u2019ensemble de ses forces !\u00bb.<\/p>\n<\/div>\n<p>Auteur: Dounia Essabban<br \/>\n<a href=\"https:\/\/aujourdhui.ma\/emploi\/leadership-au-feminin-lesca-affiche-sa-volonte-de-soutenir-les-femmes-a-travers-son-alliance-avec-lafem\">Cliquez ici pour lire l&rsquo;article depuis sa source.<\/a><\/p>\n","protected":false},"excerpt":{"rendered":"<p>L\u2019AFEM (Association des femmes cheffes d\u2019entreprises du Maroc) et ESCA Ecole de Management viennent de signer le 18 mars dernier une convention de partenariat. Objectif : contribuer ensemble au d\u00e9veloppement et \u00e0 la dynamisation de l\u2019\u00e9conomie, par la promotion de l\u2019esprit d\u2019entrepreneuriat et des pratiques de leadership f\u00e9minin performants et adapt\u00e9s. Cette alliance permettra, \u00e9galement, [&hellip;]<\/p>\n","protected":false},"author":1759,"featured_media":0,"comment_status":"closed","ping_status":"closed","sticky":false,"template":"","format":"standard","meta":{"fifu_image_url":"https:\/\/aujourdhui.ma\/wp-content\/uploads\/2022\/03\/LESCA-affiche-sa-volonte-de-soutenir-les-femmes-a-travers-son-alliance-avec-lAFEM-300x153.png","fifu_image_alt":"Leadership au f\u00e9minin: L\u2019ESCA affiche sa volont\u00e9 de soutenir les femmes \u00e0 travers son alliance avec l\u2019AFEM","footnotes":""},"categories":[73,54],"tags":[],"class_list":["post-144208","post","type-post","status-publish","format-standard","hentry","category-actualite","category-maroc"],"_links":{"self":[{"href":"https:\/\/linitiative.ca\/International\/wp-json\/wp\/v2\/posts\/144208","targetHints":{"allow":["GET"]}}],"collection":[{"href":"https:\/\/linitiative.ca\/International\/wp-json\/wp\/v2\/posts"}],"about":[{"href":"https:\/\/linitiative.ca\/International\/wp-json\/wp\/v2\/types\/post"}],"author":[{"embeddable":true,"href":"https:\/\/linitiative.ca\/International\/wp-json\/wp\/v2\/users\/1759"}],"replies":[{"embeddable":true,"href":"https:\/\/linitiative.ca\/International\/wp-json\/wp\/v2\/comments?post=144208"}],"version-history":[{"count":0,"href":"https:\/\/linitiative.ca\/International\/wp-json\/wp\/v2\/posts\/144208\/revisions"}],"wp:attachment":[{"href":"https:\/\/linitiative.ca\/International\/wp-json\/wp\/v2\/media?parent=144208"}],"wp:term":[{"taxonomy":"category","embeddable":true,"href":"https:\/\/linitiative.ca\/International\/wp-json\/wp\/v2\/categories?post=144208"},{"taxonomy":"post_tag","embeddable":true,"href":"https:\/\/linitiative.ca\/International\/wp-json\/wp\/v2\/tags?post=144208"}],"curies":[{"name":"wp","href":"https:\/\/api.w.org\/{rel}","templated":true}]}}