{"id":144210,"date":"2022-03-29T08:20:32","date_gmt":"2022-03-29T12:20:32","guid":{"rendered":"https:\/\/linitiative.ca\/International\/la-30eme-edition-du-forum-international-de-letudiant\/"},"modified":"2022-03-29T08:20:32","modified_gmt":"2022-03-29T12:20:32","slug":"la-30eme-edition-du-forum-international-de-letudiant","status":"publish","type":"post","link":"https:\/\/linitiative.ca\/International\/la-30eme-edition-du-forum-international-de-letudiant\/","title":{"rendered":"La 30\u00e8me \u00e9dition du Forum international  de l\u2019\u00e9tudiant"},"content":{"rendered":"<div>\n<p><img loading=\"lazy\" decoding=\"async\" width=\"300\" height=\"153\" src=\"https:\/\/linitiative.ca\/International\/wp-content\/uploads\/sites\/23\/2022\/03\/La-30eme-edition-du-Forum-international-de-letudiant-300x153-1.png\" class=\"attachment-medium size-medium wp-post-image\" alt=\"\" srcset=\"https:\/\/linitiative.ca\/International\/wp-content\/uploads\/sites\/23\/2022\/03\/La-30eme-edition-du-Forum-international-de-letudiant-300x153-1.png 300w, https:\/\/aujourdhui.ma\/wp-content\/uploads\/2022\/03\/La-30eme-edition-du-Forum-international-de-letudiant-274x140.png 274w, https:\/\/aujourdhui.ma\/wp-content\/uploads\/2022\/03\/La-30eme-edition-du-Forum-international-de-letudiant.png 746w, https:\/\/aujourdhui.ma\/wp-content\/uploads\/2022\/03\/La-30eme-edition-du-Forum-international-de-letudiant-165x84.png 165w, https:\/\/aujourdhui.ma\/wp-content\/uploads\/2022\/03\/La-30eme-edition-du-Forum-international-de-letudiant-702x358.png 702w\" sizes=\"auto, (max-width: 300px) 100vw, 300px\"><\/p>\n<p><strong>Le coup d\u2019envoi de la 30\u00e8me \u00e9dition du Forum international de l\u2019\u00e9tudiant, qui se veut un rendez-vous d\u2019orientation par excellence pour contribuer \u00e0 construire le Maroc des comp\u00e9tences, a \u00e9t\u00e9 donn\u00e9, jeudi \u00e0 Casablanca.<\/strong> <span id=\"more-403766\"><\/span><\/p>\n<p>Initi\u00e9 sous le Haut patronage de Sa Majest\u00e9 le Roi Mohammed VI, par le Groupe \u00abl\u2019Etudiant Marocain\u00bb en partenariat avec la caravane Jadara, ce forum a pour objectif d\u2019orienter et d\u2019accompagner les bacheliers, \u00e9tudiants et parents afin de les aider \u00e0 conna\u00eetre toutes les possibilit\u00e9s d\u2019\u00e9tudes et de carri\u00e8re. Plac\u00e9e sous le th\u00e8me \u00abEnsemble pour construire notre Maroc des comp\u00e9tences\u00bb, cette \u00e9dition qui r\u00e9unit les universit\u00e9s, les \u00e9tablissements sup\u00e9rieurs, professionnels et techniques, publics et priv\u00e9s, du Maroc et de l\u2019\u00e9tranger, se veut un espace o\u00f9 les jeunes peuvent puiser toutes les informations n\u00e9cessaires pour \u00e9laborer leurs parcours \u00e9ducatif et professionnel. L\u2019\u00e9dition 2022 apporte un dispositif d\u2019orientation exhaustif \u00e0 m\u00eame de mieux pr\u00e9parer les milliers de visiteurs \u00e0 exploiter leurs talents, \u00e0 renforcer leur employabilit\u00e9 et \u00e0 se projeter plus sereinement dans l\u2019avenir.<\/p>\n<p>Dans une d\u00e9claration \u00e0 la MAP, Kawtar Abdellaoui, du comit\u00e9 d\u2019organisation du forum, a indiqu\u00e9 que cette 30\u00e8 \u00e9dition, qui intervient apr\u00e8s deux ans d\u2019arr\u00eat en raison de la pand\u00e9mie, vise principalement \u00e0 cr\u00e9er un lien de communication entre les \u00e9tudiants du baccalaur\u00e9at et leurs parents d\u2019une part, et entre les \u00e9tudiants et les \u00e9tablissements d\u2019enseignement sup\u00e9rieur des secteurs public et priv\u00e9, d\u2019autre part. Le forum vise \u00e0 orienter les \u00e9tudiants pour choisir leurs \u00e9tudes post-baccalaur\u00e9at et \u00e0 les initier \u00e0 toutes les personnes et formations disponibles, que ce soit au Maroc ou \u00e0 l\u2019\u00e9tranger, a-t-elle ajout\u00e9, soulignant une forte pr\u00e9sence des \u00e9tablissements d\u2019enseignement \u00e9trangers.<\/p>\n<\/div>\n<p>Auteur: ALM<br \/>\n<a href=\"https:\/\/aujourdhui.ma\/emploi\/formation\/la-30eme-edition-du-forum-international-de-letudiant\">Cliquez ici pour lire l&rsquo;article depuis sa source.<\/a><\/p>\n","protected":false},"excerpt":{"rendered":"<p>Le coup d\u2019envoi de la 30\u00e8me \u00e9dition du Forum international de l\u2019\u00e9tudiant, qui se veut un rendez-vous d\u2019orientation par excellence pour contribuer \u00e0 construire le Maroc des comp\u00e9tences, a \u00e9t\u00e9 donn\u00e9, jeudi \u00e0 Casablanca. Initi\u00e9 sous le Haut patronage de Sa Majest\u00e9 le Roi Mohammed VI, par le Groupe \u00abl\u2019Etudiant Marocain\u00bb en partenariat avec la [&hellip;]<\/p>\n","protected":false},"author":1759,"featured_media":0,"comment_status":"closed","ping_status":"closed","sticky":false,"template":"","format":"standard","meta":{"fifu_image_url":"https:\/\/aujourdhui.ma\/wp-content\/uploads\/2022\/03\/La-30eme-edition-du-Forum-international-de-letudiant-300x153.png","fifu_image_alt":"La 30\u00e8me \u00e9dition du Forum international  de l\u2019\u00e9tudiant","footnotes":""},"categories":[73,54],"tags":[],"class_list":["post-144210","post","type-post","status-publish","format-standard","hentry","category-actualite","category-maroc"],"_links":{"self":[{"href":"https:\/\/linitiative.ca\/International\/wp-json\/wp\/v2\/posts\/144210","targetHints":{"allow":["GET"]}}],"collection":[{"href":"https:\/\/linitiative.ca\/International\/wp-json\/wp\/v2\/posts"}],"about":[{"href":"https:\/\/linitiative.ca\/International\/wp-json\/wp\/v2\/types\/post"}],"author":[{"embeddable":true,"href":"https:\/\/linitiative.ca\/International\/wp-json\/wp\/v2\/users\/1759"}],"replies":[{"embeddable":true,"href":"https:\/\/linitiative.ca\/International\/wp-json\/wp\/v2\/comments?post=144210"}],"version-history":[{"count":0,"href":"https:\/\/linitiative.ca\/International\/wp-json\/wp\/v2\/posts\/144210\/revisions"}],"wp:attachment":[{"href":"https:\/\/linitiative.ca\/International\/wp-json\/wp\/v2\/media?parent=144210"}],"wp:term":[{"taxonomy":"category","embeddable":true,"href":"https:\/\/linitiative.ca\/International\/wp-json\/wp\/v2\/categories?post=144210"},{"taxonomy":"post_tag","embeddable":true,"href":"https:\/\/linitiative.ca\/International\/wp-json\/wp\/v2\/tags?post=144210"}],"curies":[{"name":"wp","href":"https:\/\/api.w.org\/{rel}","templated":true}]}}