{"id":144212,"date":"2022-03-29T09:00:52","date_gmt":"2022-03-29T13:00:52","guid":{"rendered":"https:\/\/linitiative.ca\/International\/la-grand-messe-des-zones-industrielles-de-retour-a-tanger\/"},"modified":"2022-03-29T09:00:52","modified_gmt":"2022-03-29T13:00:52","slug":"la-grand-messe-des-zones-industrielles-de-retour-a-tanger","status":"publish","type":"post","link":"https:\/\/linitiative.ca\/International\/la-grand-messe-des-zones-industrielles-de-retour-a-tanger\/","title":{"rendered":"La grand-messe des zones industrielles  de retour \u00e0 Tanger"},"content":{"rendered":"<div>\n<p><img loading=\"lazy\" decoding=\"async\" width=\"300\" height=\"153\" src=\"https:\/\/linitiative.ca\/International\/wp-content\/uploads\/sites\/23\/2022\/03\/Tanger-free-zone-300x153-1.jpg\" class=\"attachment-medium size-medium wp-post-image\" alt=\"\" srcset=\"https:\/\/linitiative.ca\/International\/wp-content\/uploads\/sites\/23\/2022\/03\/Tanger-free-zone-300x153-1.jpg 300w, https:\/\/aujourdhui.ma\/wp-content\/uploads\/2022\/03\/Tanger-free-zone-274x140.jpg 274w, https:\/\/aujourdhui.ma\/wp-content\/uploads\/2022\/03\/Tanger-free-zone.jpg 746w, https:\/\/aujourdhui.ma\/wp-content\/uploads\/2022\/03\/Tanger-free-zone-165x84.jpg 165w, https:\/\/aujourdhui.ma\/wp-content\/uploads\/2022\/03\/Tanger-free-zone-702x358.jpg 702w\" sizes=\"auto, (max-width: 300px) 100vw, 300px\"><\/p>\n<p><span style=\"font-size: 20px; color: #800000;\"><strong>Au menu de ce 3\u00e8me forum, des rencontres entre des hommes d\u2019affaires et des investisseurs marocains et arabes<\/strong> <\/span><span id=\"more-403729\"><\/span><\/p>\n<p>Ce troisi\u00e8me forum constituera une occasion pour faire conna\u00eetre les exp\u00e9riences r\u00e9ussies dans le d\u00e9veloppement des zones industrielles et logistiques, dont celle de la r\u00e9gion de Tanger-T\u00e9touan-Al Hoceima, qui est orient\u00e9e vers les secteurs \u00e9mergents et m\u00e9tiers mondiaux.<\/p>\n<p>La r\u00e9gion du Nord, en particulier Tanger, dispose d\u2019une longue exp\u00e9rience dans le domaine des zones industrielles ayant jou\u00e9 en faveur de l\u2019implantation d\u2019un grand nombre de groupes internationaux sur leur territoire r\u00e9gional. C\u2019est dans ce contexte que la ville du d\u00e9troit se pr\u00e9pare \u00e0 accueillir, du 8 au 10 juin prochain, le forum des zones industrielles dans sa troisi\u00e8me \u00e9dition. Initi\u00e9e par l\u2019Organisation arabe du d\u00e9veloppement industriel, de normalisation et des mines (OADIM), relevant de la Ligue des Etats arabes et si\u00e9geant \u00e0 Rabat, cette manifestation se tiendra, sous le Haut patronage de SM le Roi Mohammed VI et en partenariat avec le minist\u00e8re de l\u2019industrie et du commerce, la Chambre de commerce, d\u2019industrie et des services de la r\u00e9gion Tanger-T\u00e9touan-Al Hoceima (CCIS-TTA), l\u2019Agence marocaine de d\u00e9veloppement des investissements et des exportations (AMDIE), de Tanger Med Zones et du Centre islamique pour le d\u00e9veloppement du commerce (CIDC) sous le th\u00e8me \u00abL\u2019importance des zones industrielles dans le d\u00e9veloppement national \u00e0 la lumi\u00e8re des changements \u00e9conomiques mondiaux\u00bb. Selon les organisateurs, ce troisi\u00e8me forum traitera, \u00e0 l\u2019instar des deux pr\u00e9c\u00e9dentes \u00e9ditions, d\u2019un sujet d\u2019actualit\u00e9 avec la tenue des rencontres B2B entre des hommes d\u2019affaires et des investisseurs marocains et arabes dans les diff\u00e9rents secteurs.<\/p>\n<p>Ces rencontres s\u2019assignent pour principaux objectifs de \u00abrenforcer les opportunit\u00e9s d\u2019investissement dans les pays arabes\u00bb, souligne l\u2019OADIM dans un communiqu\u00e9. Ce troisi\u00e8me forum se d\u00e9roulera, a expliqu\u00e9 dans ce m\u00eame communiqu\u00e9 Adil Sakr, DG de l\u2019OADIM, dans un contexte exceptionnel li\u00e9 \u00e0 la pand\u00e9mie de Covid-19 ayant \u00e9t\u00e9 \u00e0 l\u2019origine des perturbations importantes dans tous les domaines. Il a fait part que la continuit\u00e9 de l\u2019activit\u00e9 industrielle locale est le principal garant de la s\u00e9curit\u00e9 des cha\u00eenes d\u2019approvisionnement en biens et produits de consommation. M. Sakr a tenu \u00e0 rappeler l\u2019importance du r\u00f4le des zones industrielles afin d\u2019assurer les besoins des pays en biens et produits industriels. D\u2019autant plus qu\u2019elles constituent l\u2019un des m\u00e9canismes qui \u00abcontribuent \u00e0 favoriser un d\u00e9veloppement industriel global et durable, \u00e0 travers la promotion des opportunit\u00e9s de d\u00e9veloppement des exportations industrielles et le renforcement de leur comp\u00e9titivit\u00e9 sur les march\u00e9s\u00bb, a-t-il dit.<\/p>\n<p>Notons que comme c\u2019\u00e9tait le cas pour les deux pr\u00e9c\u00e9dentes \u00e9ditions, ce troisi\u00e8me forum constituera une occasion pour faire conna\u00eetre les exp\u00e9riences r\u00e9ussies dans le d\u00e9veloppement des zones industrielles et logistiques, dont celle de la r\u00e9gion de Tanger-T\u00e9touan-Al Hoceima, qui est orient\u00e9e vers les secteurs \u00e9mergents et m\u00e9tiers mondiaux.<br \/>\nCette r\u00e9gion compte \u00e0 son actif une multitude de zones (Mghogha, Gzenaya, Al Maj, Tanger Free Zon, Tanger automotive city, la zone industrielle de Martil, T\u00e9touan Park et T\u00e9touan Shore \u00e0 T\u00e9touan, M\u2019laleh \u00e0 Larache\u2026) qui permettent de booster l\u2019am\u00e9lioration de son positionnement comme deuxi\u00e8me p\u00f4le industriel du Royaume.<\/p>\n<\/div>\n<p>Auteur: Najat Fa\u00efssal<br \/>\n<a href=\"https:\/\/aujourdhui.ma\/economie\/la-grand-messe-des-zones-industrielles-de-retour-a-tanger\">Cliquez ici pour lire l&rsquo;article depuis sa source.<\/a><\/p>\n","protected":false},"excerpt":{"rendered":"<p>Au menu de ce 3\u00e8me forum, des rencontres entre des hommes d\u2019affaires et des investisseurs marocains et arabes Ce troisi\u00e8me forum constituera une occasion pour faire conna\u00eetre les exp\u00e9riences r\u00e9ussies dans le d\u00e9veloppement des zones industrielles et logistiques, dont celle de la r\u00e9gion de Tanger-T\u00e9touan-Al Hoceima, qui est orient\u00e9e vers les secteurs \u00e9mergents et m\u00e9tiers [&hellip;]<\/p>\n","protected":false},"author":1759,"featured_media":0,"comment_status":"closed","ping_status":"closed","sticky":false,"template":"","format":"standard","meta":{"fifu_image_url":"https:\/\/aujourdhui.ma\/wp-content\/uploads\/2022\/03\/Tanger-free-zone-300x153.jpg","fifu_image_alt":"La grand-messe des zones industrielles  de retour \u00e0 Tanger","footnotes":""},"categories":[73,54],"tags":[],"class_list":["post-144212","post","type-post","status-publish","format-standard","hentry","category-actualite","category-maroc"],"_links":{"self":[{"href":"https:\/\/linitiative.ca\/International\/wp-json\/wp\/v2\/posts\/144212","targetHints":{"allow":["GET"]}}],"collection":[{"href":"https:\/\/linitiative.ca\/International\/wp-json\/wp\/v2\/posts"}],"about":[{"href":"https:\/\/linitiative.ca\/International\/wp-json\/wp\/v2\/types\/post"}],"author":[{"embeddable":true,"href":"https:\/\/linitiative.ca\/International\/wp-json\/wp\/v2\/users\/1759"}],"replies":[{"embeddable":true,"href":"https:\/\/linitiative.ca\/International\/wp-json\/wp\/v2\/comments?post=144212"}],"version-history":[{"count":0,"href":"https:\/\/linitiative.ca\/International\/wp-json\/wp\/v2\/posts\/144212\/revisions"}],"wp:attachment":[{"href":"https:\/\/linitiative.ca\/International\/wp-json\/wp\/v2\/media?parent=144212"}],"wp:term":[{"taxonomy":"category","embeddable":true,"href":"https:\/\/linitiative.ca\/International\/wp-json\/wp\/v2\/categories?post=144212"},{"taxonomy":"post_tag","embeddable":true,"href":"https:\/\/linitiative.ca\/International\/wp-json\/wp\/v2\/tags?post=144212"}],"curies":[{"name":"wp","href":"https:\/\/api.w.org\/{rel}","templated":true}]}}