{"id":144214,"date":"2022-03-29T09:28:54","date_gmt":"2022-03-29T13:28:54","guid":{"rendered":"https:\/\/linitiative.ca\/International\/lonmt-met-le-cap-sur-tel-aviv\/"},"modified":"2022-03-29T09:28:54","modified_gmt":"2022-03-29T13:28:54","slug":"lonmt-met-le-cap-sur-tel-aviv","status":"publish","type":"post","link":"https:\/\/linitiative.ca\/International\/lonmt-met-le-cap-sur-tel-aviv\/","title":{"rendered":"L\u2019ONMT met le cap sur Tel-Aviv"},"content":{"rendered":"<div>\n<p><img loading=\"lazy\" decoding=\"async\" width=\"300\" height=\"153\" src=\"https:\/\/linitiative.ca\/International\/wp-content\/uploads\/sites\/23\/2022\/03\/El-Fakir-ONMT-IsraeCC88l-Tel-Aviv-300x153-1.jpg\" class=\"attachment-medium size-medium wp-post-image\" alt=\"\" srcset=\"https:\/\/linitiative.ca\/International\/wp-content\/uploads\/sites\/23\/2022\/03\/El-Fakir-ONMT-IsraeCC88l-Tel-Aviv-300x153-1.jpg 300w, https:\/\/aujourdhui.ma\/wp-content\/uploads\/2022\/03\/El-Fakir-ONMT-Israe\u0308l-Tel-Aviv-274x140.jpg 274w, https:\/\/aujourdhui.ma\/wp-content\/uploads\/2022\/03\/El-Fakir-ONMT-Israe\u0308l-Tel-Aviv.jpg 746w, https:\/\/aujourdhui.ma\/wp-content\/uploads\/2022\/03\/El-Fakir-ONMT-Israe\u0308l-Tel-Aviv-165x84.jpg 165w, https:\/\/aujourdhui.ma\/wp-content\/uploads\/2022\/03\/El-Fakir-ONMT-Israe\u0308l-Tel-Aviv-702x358.jpg 702w\" sizes=\"auto, (max-width: 300px) 100vw, 300px\"><\/p>\n<p><span style=\"font-size: 20px; color: #800000;\"><strong>Le Directeur g\u00e9n\u00e9ral de l\u2019Office national marocain du tourisme (ONMT), Adel El Fakir, m\u00e8ne une importante d\u00e9l\u00e9gation d\u2019op\u00e9rateurs marocains en Isra\u00ebl pour promouvoir le Maroc, dans le cadre du Salon International Mediterranean Tourism Market (IMTM) qui se tient les 29 et 30 mars \u00e0 Tel-Aviv.<\/strong><\/span><span id=\"more-403769\"><\/span><\/p>\n<p>\u00ab\u00a0Adel El Fakir, Directeur G\u00e9n\u00e9ral de l\u2019ONMT, \u00e0 la t\u00eate d\u2019une importante d\u00e9l\u00e9gation d\u2019op\u00e9rateurs touristiques marocains, a mis le cap sur Isra\u00ebl pour participer au Salon International Mediterranean Tourism Market (IMTM) de Tel-Aviv, les 29 et 30 mars, qui est le plus grand rendez-vous de l\u2019industrie touristique en Isra\u00ebl\u00a0\u00bb, indique l\u2019Office dans un communiqu\u00e9.<\/p>\n<p>Plus d\u2019une trentaine d\u2019op\u00e9rateurs marocains se sont ainsi rendus \u00e0 Tel-Aviv. Hamid Bentahar, Pr\u00e9sident de la Conf\u00e9d\u00e9ration Nationale du Tourisme et Lahcen Zelmat, Pr\u00e9sident de la F\u00e9d\u00e9ration Nationale de l\u2019Industrie H\u00f4teli\u00e8re sont du voyage, ainsi que plusieurs responsables de Conseils R\u00e9gionaux du Tourisme (CRT) dont Aziz Lebbar, Pr\u00e9sident du CRT de F\u00e8s-Mekn\u00e8s et Rachid Dahmaz, Pr\u00e9sident du CRT d\u2019Agadir Souss Massa.<\/p>\n<p>\u00ab\u00a0D\u00e8s la reprise des relations diplomatiques, l\u2019ONMT s\u2019est mobilis\u00e9 afin d\u2019activer les connexions a\u00e9riennes directes entre nos deux pays. Aujourd\u2019hui, nous passons \u00e0 la vitesse sup\u00e9rieure en mettant en place les jalons d\u2019une relation durable avec l\u2019ensemble des prescripteurs de voyages isra\u00e9liens, en nouant des accords de partenariat et en lan\u00e7ant une grande campagne de communication et de promotion\u00a0\u00bb, a indiqu\u00e9 M. El Fakir, cit\u00e9 dans le communiqu\u00e9.<\/p>\n<p>Pour sa premi\u00e8re participation \u00e0 cet \u00e9v\u00e9nement phare, le Maroc est fortement repr\u00e9sent\u00e9 au salon de Tel-Aviv. En plus d\u2019\u00eatre consacr\u00e9 destination \u00e0 l\u2019honneur du salon, le stand du Maroc s\u2019\u00e9tend sur une superficie de 250 m\u00e8tres carr\u00e9s au centre de l\u2019exposition.<\/p>\n<p>En marge de ce salon, l\u2019Office a d\u00e9ploy\u00e9 depuis quelques jours un dispositif d\u2019affichage urbain dans les art\u00e8res principales de Tel-Aviv afin de faire la promotion de la destination Maroc.<\/p>\n<p>Selon l\u2019ONMT, le march\u00e9 isra\u00e9lien est strat\u00e9gique pour la destination Maroc et rec\u00e8le un important potentiel de croissance avec environ 8 millions d\u2019isra\u00e9liens voyageant \u00e0 l\u2019\u00e9tranger chaque ann\u00e9e.<\/p>\n<p>De plus, Isra\u00ebl compte une forte communaut\u00e9 marocaine qui a d\u00e9sormais la possibilit\u00e9 de se rendre dans son pays d\u2019origine en vol direct.<\/p>\n<p>Pour 2022, l\u2019ONMT table sur 200.000 visiteurs en provenance du march\u00e9 isra\u00e9lien. Un nombre appel\u00e9 \u00e0 cro\u00eetre exponentiellement au courant des prochaines ann\u00e9es, selon l\u2019Office, qui rappelle que le Maroc et Isra\u00ebl sont li\u00e9s par des connexions a\u00e9riennes directes op\u00e9r\u00e9es d\u2019une part par la compagnie nationale Royal Air Maroc et d\u2019autre part, par les compagnies isra\u00e9liennes El Al, Israir et plus r\u00e9cemment Arkia gr\u00e2ce \u00e0 des partenariats scell\u00e9s entre ces compagnies et l\u2019ONMT.<\/p>\n<\/div>\n<p>Auteur: ALM<br \/>\n<a href=\"https:\/\/aujourdhui.ma\/economie\/lonmt-met-le-cap-sur-tel-aviv\">Cliquez ici pour lire l&rsquo;article depuis sa source.<\/a><\/p>\n","protected":false},"excerpt":{"rendered":"<p>Le Directeur g\u00e9n\u00e9ral de l\u2019Office national marocain du tourisme (ONMT), Adel El Fakir, m\u00e8ne une importante d\u00e9l\u00e9gation d\u2019op\u00e9rateurs marocains en Isra\u00ebl pour promouvoir le Maroc, dans le cadre du Salon International Mediterranean Tourism Market (IMTM) qui se tient les 29 et 30 mars \u00e0 Tel-Aviv. \u00ab\u00a0Adel El Fakir, Directeur G\u00e9n\u00e9ral de l\u2019ONMT, \u00e0 la t\u00eate [&hellip;]<\/p>\n","protected":false},"author":1759,"featured_media":0,"comment_status":"closed","ping_status":"closed","sticky":false,"template":"","format":"standard","meta":{"fifu_image_url":"https:\/\/aujourdhui.ma\/wp-content\/uploads\/2022\/03\/El-Fakir-ONMT-Israe\u0308l-Tel-Aviv-300x153.jpg","fifu_image_alt":"L\u2019ONMT met le cap sur Tel-Aviv","footnotes":""},"categories":[73,54],"tags":[],"class_list":["post-144214","post","type-post","status-publish","format-standard","hentry","category-actualite","category-maroc"],"_links":{"self":[{"href":"https:\/\/linitiative.ca\/International\/wp-json\/wp\/v2\/posts\/144214","targetHints":{"allow":["GET"]}}],"collection":[{"href":"https:\/\/linitiative.ca\/International\/wp-json\/wp\/v2\/posts"}],"about":[{"href":"https:\/\/linitiative.ca\/International\/wp-json\/wp\/v2\/types\/post"}],"author":[{"embeddable":true,"href":"https:\/\/linitiative.ca\/International\/wp-json\/wp\/v2\/users\/1759"}],"replies":[{"embeddable":true,"href":"https:\/\/linitiative.ca\/International\/wp-json\/wp\/v2\/comments?post=144214"}],"version-history":[{"count":0,"href":"https:\/\/linitiative.ca\/International\/wp-json\/wp\/v2\/posts\/144214\/revisions"}],"wp:attachment":[{"href":"https:\/\/linitiative.ca\/International\/wp-json\/wp\/v2\/media?parent=144214"}],"wp:term":[{"taxonomy":"category","embeddable":true,"href":"https:\/\/linitiative.ca\/International\/wp-json\/wp\/v2\/categories?post=144214"},{"taxonomy":"post_tag","embeddable":true,"href":"https:\/\/linitiative.ca\/International\/wp-json\/wp\/v2\/tags?post=144214"}],"curies":[{"name":"wp","href":"https:\/\/api.w.org\/{rel}","templated":true}]}}