{"id":144218,"date":"2022-03-28T14:00:00","date_gmt":"2022-03-28T18:00:00","guid":{"rendered":"https:\/\/linitiative.ca\/International\/mayara-souligne-limportance-de-la-cooperation-entre-les-parlements-des-deux-pays\/"},"modified":"2022-03-28T14:00:00","modified_gmt":"2022-03-28T18:00:00","slug":"mayara-souligne-limportance-de-la-cooperation-entre-les-parlements-des-deux-pays","status":"publish","type":"post","link":"https:\/\/linitiative.ca\/International\/mayara-souligne-limportance-de-la-cooperation-entre-les-parlements-des-deux-pays\/","title":{"rendered":"Mayara souligne l\u2019importance de la coop\u00e9ration entre les Parlements des deux pays"},"content":{"rendered":"<div>\n<p class=\"has-text-align-center has-vivid-red-color has-text-color\"><strong>Maroc-Liban<\/strong><\/p>\n<p class=\"has-black-color has-text-color\"><strong>Le pr\u00e9sident de la Chambre des conseillers, Naama Mayara, a soulign\u00e9, vendredi \u00e0 Rabat, l\u2019importance de la coop\u00e9ration entre les institutions l\u00e9gislatives marocaine et libanaise dans le renforcement des relations bilat\u00e9rales.<\/strong><\/p>\n<p class=\"has-black-color has-text-color\">M. Mayara s\u2019est f\u00e9licit\u00e9, lors de son entretien avec l\u2019ambassadeur de la R\u00e9publique libanaise au Maroc, M. Ziad Atallah, de la solidit\u00e9 des relations unissant le Royaume du Maroc et la R\u00e9publique du Liban dans les diff\u00e9rents domaines de coop\u00e9ration: politique, culturelle et sociale.<\/p>\n<p class=\"has-black-color has-text-color\">Le pr\u00e9sident de la deuxi\u00e8me Chambre a affirm\u00e9 que le Maroc veille \u00e0 hisser davantage ces relations, en raison des grandes potentialit\u00e9s de coop\u00e9ration et d\u2019investissement communes, et \u00e0 renforcer l\u2019\u00e9change commercial et \u00e9conomique bilat\u00e9ral, indique un communiqu\u00e9 de la Chambre des conseillers.<\/p>\n<p class=\"has-black-color has-text-color\">M. Mayara a mis en relief la composition unique et diversifi\u00e9e de la Chambre des conseillers, renforc\u00e9e par la repr\u00e9sentativit\u00e9 des entrepreneurs, et le r\u00f4le que peut jouer cette cat\u00e9gorie dans le d\u00e9veloppement d\u2019une diplomatie parlementaire et \u00e9conomique agissante, mettant en exergue l\u2019importance de la coop\u00e9ration parlementaire et son r\u00f4le dans l\u2019\u00e9largissement des consultations entre les deux institutions l\u00e9gislatives au profit de l\u2019int\u00e9r\u00eat commun des deux pays amis, ajoute la m\u00eame source.<\/p>\n<p class=\"has-black-color has-text-color\">Il a \u00e9galement mis l\u2019accent sur l\u2019importance de la dimension parlementaire dans l\u2019approfondissement de la compr\u00e9hension mutuelle, la promotion d\u2019une confiance commune pour un avenir commun et explorer de nouvelles voies et moyens afin d\u2019\u00e9largir le partenariat strat\u00e9gique.<\/p>\n<p class=\"has-black-color has-text-color\">De son c\u00f4t\u00e9, M. Atallah a lou\u00e9 les bonnes et solides relations qui unissent le Royaume du Maroc et la R\u00e9publique du Liban sur tous les niveaux, assurant que son pays, \u00e0 travers ses acteurs \u00e9conomiques et ses investisseurs, porte un grand int\u00e9r\u00eat au Maroc, qui regorge plusieurs opportunit\u00e9s et potentiels.<\/p>\n<p class=\"has-black-color has-text-color\">En ce qui concerne la question du Sahara marocain, l\u2019ambassadeur libanais a tenu \u00e0 souligner la position claire de son pays en faveur de la souverainet\u00e9 du Royaume du Maroc sur l\u2019ensemble de son territoire et de son int\u00e9grit\u00e9 territoriale.<\/p>\n<p class=\"has-black-color has-text-color\">Au cours de cette rencontre, les deux parties se sont accord\u00e9es sur la n\u00e9cessit\u00e9 d\u2019intensifier leurs efforts, en vue de profiter de toutes les opportunit\u00e9s possibles pour approfondir les relations de partenariat entre les deux pays fr\u00e8res. Ils ont \u00e9galement mis l\u2019accent sur l\u2019importance de l\u2019\u00e9change de visites et d\u2019expertises et la consolidation des relations distingu\u00e9es entre les deux pays et peuples amis.<\/p>\n<p>L\u2019article <a rel=\"nofollow\" href=\"http:\/\/albayane.press.ma\/mayara-souligne-limportance-de-la-cooperation-entre-les-parlements-des-deux-pays.html\">Mayara souligne l\u2019importance de la coop\u00e9ration entre les Parlements des deux pays<\/a> est apparu en premier sur <a rel=\"nofollow\" href=\"http:\/\/albayane.press.ma\/\">ALBAYANE<\/a>.<\/p>\n<\/div>\n<p>Auteur: M&rsquo;hammed rahal<br \/>\n<a href=\"http:\/\/albayane.press.ma\/mayara-souligne-limportance-de-la-cooperation-entre-les-parlements-des-deux-pays.html\">Cliquez ici pour lire l&rsquo;article depuis sa source.<\/a><\/p>\n","protected":false},"excerpt":{"rendered":"<p>Maroc-Liban Le pr\u00e9sident de la Chambre des conseillers, Naama Mayara, a soulign\u00e9, vendredi \u00e0 Rabat, l\u2019importance de la coop\u00e9ration entre les institutions l\u00e9gislatives marocaine et libanaise dans le renforcement des relations bilat\u00e9rales. M. Mayara s\u2019est f\u00e9licit\u00e9, lors de son entretien avec l\u2019ambassadeur de la R\u00e9publique libanaise au Maroc, M. Ziad Atallah, de la solidit\u00e9 des [&hellip;]<\/p>\n","protected":false},"author":1760,"featured_media":0,"comment_status":"closed","ping_status":"closed","sticky":false,"template":"","format":"standard","meta":{"fifu_image_url":"","fifu_image_alt":"","footnotes":""},"categories":[73,54],"tags":[],"class_list":["post-144218","post","type-post","status-publish","format-standard","hentry","category-actualite","category-maroc"],"_links":{"self":[{"href":"https:\/\/linitiative.ca\/International\/wp-json\/wp\/v2\/posts\/144218","targetHints":{"allow":["GET"]}}],"collection":[{"href":"https:\/\/linitiative.ca\/International\/wp-json\/wp\/v2\/posts"}],"about":[{"href":"https:\/\/linitiative.ca\/International\/wp-json\/wp\/v2\/types\/post"}],"author":[{"embeddable":true,"href":"https:\/\/linitiative.ca\/International\/wp-json\/wp\/v2\/users\/1760"}],"replies":[{"embeddable":true,"href":"https:\/\/linitiative.ca\/International\/wp-json\/wp\/v2\/comments?post=144218"}],"version-history":[{"count":0,"href":"https:\/\/linitiative.ca\/International\/wp-json\/wp\/v2\/posts\/144218\/revisions"}],"wp:attachment":[{"href":"https:\/\/linitiative.ca\/International\/wp-json\/wp\/v2\/media?parent=144218"}],"wp:term":[{"taxonomy":"category","embeddable":true,"href":"https:\/\/linitiative.ca\/International\/wp-json\/wp\/v2\/categories?post=144218"},{"taxonomy":"post_tag","embeddable":true,"href":"https:\/\/linitiative.ca\/International\/wp-json\/wp\/v2\/tags?post=144218"}],"curies":[{"name":"wp","href":"https:\/\/api.w.org\/{rel}","templated":true}]}}