{"id":144219,"date":"2022-03-28T14:00:00","date_gmt":"2022-03-28T18:00:00","guid":{"rendered":"https:\/\/linitiative.ca\/International\/lallemagne-appuie-les-reformes-engagees-par-le-maroc\/"},"modified":"2022-03-28T14:00:00","modified_gmt":"2022-03-28T18:00:00","slug":"lallemagne-appuie-les-reformes-engagees-par-le-maroc","status":"publish","type":"post","link":"https:\/\/linitiative.ca\/International\/lallemagne-appuie-les-reformes-engagees-par-le-maroc\/","title":{"rendered":"L\u2019Allemagne appuie les r\u00e9formes engag\u00e9es par le Maroc"},"content":{"rendered":"<div>\n<p class=\"has-text-align-center has-vivid-red-color has-text-color\"><strong>Entretien entre Nasser Bourita et la ministre allemande de la Coop\u00e9ration \u00e9conomique, Svenja Schulze<\/strong><\/p>\n<p class=\"has-black-color has-text-color\"><strong>L\u2019Allemagne appuie les r\u00e9formes engag\u00e9es par le Royaume du Maroc au cours des deux derni\u00e8res d\u00e9cennies, ce qui a permis de notables progr\u00e8s politiques, \u00e9conomiques et sociaux sous la conduite de Sa Majest\u00e9 le Roi Mohammed VI, indique la D\u00e9claration conjointe rendue publique \u00e0 l\u2019issue d\u2019un entretien, tenu jeudi, par vid\u00e9oconf\u00e9rence entre le ministre des Affaires \u00e9trang\u00e8res, de la Coop\u00e9ration africaine et des Marocains r\u00e9sidant \u00e0 l\u2019\u00e9tranger, Nasser Bourita, et la ministre allemande de la Coop\u00e9ration \u00e9conomique et du D\u00e9veloppement, Svenja Schulze.<br \/>Cet entretien, le premier entre les deux ministres, a consacr\u00e9 l\u2019int\u00e9r\u00eat partag\u00e9 d\u2019intensifier de nouveau la coop\u00e9ration bilat\u00e9rale au d\u00e9veloppement dans l\u2019esprit d\u2019un partenariat global et du respect mutuel, ajoute la m\u00eame source.<\/strong><\/p>\n<p class=\"has-black-color has-text-color\">L\u2019Allemagne et le Maroc sont li\u00e9s par une coop\u00e9ration au d\u00e9veloppement de longue date, empreinte de confiance dans les domaines du d\u00e9veloppement \u00e9conomique et de l\u2019emploi, du d\u00e9veloppement durable, du climat, des \u00e9nergies renouvelables et de l\u2019eau, rappelle la D\u00e9claration conjointe.<\/p>\n<p class=\"has-black-color has-text-color\">Dans ce sens, les deux ministres ont lou\u00e9 le grand potentiel des relations entre le Maroc et l\u2019Allemagne en r\u00e9affirmant la volont\u00e9 partag\u00e9e de leur donner une impulsion suppl\u00e9mentaire au niveau des d\u00e9fis et des exigences de la relance post-Covid.<\/p>\n<p class=\"has-black-color has-text-color\">Dans le contexte de la coop\u00e9ration au d\u00e9veloppement, il s\u2019agit, entre autres, de reprendre les impulsions du Nouveau Mod\u00e8le de D\u00e9veloppement marocain (NMD) tout en promouvant en m\u00eame temps la relance \u00e9conomique apr\u00e8s la pand\u00e9mie de la Covid-19, pr\u00e9cise la D\u00e9claration conjointe, faisant savoir que dans ce cadre, les deux ministres se sont f\u00e9licit\u00e9s du fait que la coop\u00e9ration allemande au d\u00e9veloppement aspire \u00e0 soutenir, encore plus qu\u2019auparavant, une transition vers les \u00e9nergies renouvelables au Maroc.<\/p>\n<p class=\"has-black-color has-text-color\">Les deux ministres ont \u00e9galement lou\u00e9 le grand potentiel de la coop\u00e9ration au d\u00e9veloppement entre le Maroc et l\u2019Allemagne dans l\u2019optique de la coop\u00e9ration dans les secteurs d\u2019avenir, tels que le d\u00e9veloppement d\u2019une \u00e9conomie de l\u2019hydrog\u00e8ne vert et ont r\u00e9affirm\u00e9 l\u2019int\u00e9r\u00eat partag\u00e9 d\u2019intensifier la coop\u00e9ration en particulier dans ce domaine. \u00c0 cet effet, la coop\u00e9ration bilat\u00e9rale au d\u00e9veloppement emploiera l\u2019ensemble des instruments et des acc\u00e8s en impliquant tous les acteurs, indique-t-on.<\/p>\n<p class=\"has-black-color has-text-color\">La coop\u00e9ration allemande au d\u00e9veloppement contribue \u00e9galement au renforcement de la relation strat\u00e9gique, multidimensionnelle et privil\u00e9gi\u00e9e entre l\u2019Union Europ\u00e9enne et le Maroc.<\/p>\n<p class=\"has-black-color has-text-color\">Il s\u2019agira pour les prochaines semaines, d\u2019\u00e9laborer une vision commune des priorit\u00e9s et des possibilit\u00e9s appropri\u00e9es pour la mise en \u0153uvre de la coop\u00e9ration au d\u00e9veloppement des ann\u00e9es \u00e0 venir, dans le but d\u2019approfondir le dialogue et la coop\u00e9ration et de contribuer d\u2019un effort commun \u00e0 ma\u00eetriser les futurs d\u00e9fis r\u00e9gionaux et mondiaux, conclut la D\u00e9claration conjointe.<\/p>\n<p>L\u2019article <a rel=\"nofollow\" href=\"http:\/\/albayane.press.ma\/lallemagne-appuie-les-reformes-engagees-par-le-maroc.html\">L\u2019Allemagne appuie les r\u00e9formes engag\u00e9es par le Maroc<\/a> est apparu en premier sur <a rel=\"nofollow\" href=\"http:\/\/albayane.press.ma\/\">ALBAYANE<\/a>.<\/p>\n<\/div>\n<p>Auteur: M&rsquo;hammed rahal<br \/>\n<a href=\"http:\/\/albayane.press.ma\/lallemagne-appuie-les-reformes-engagees-par-le-maroc.html\">Cliquez ici pour lire l&rsquo;article depuis sa source.<\/a><\/p>\n","protected":false},"excerpt":{"rendered":"<p>Entretien entre Nasser Bourita et la ministre allemande de la Coop\u00e9ration \u00e9conomique, Svenja Schulze L\u2019Allemagne appuie les r\u00e9formes engag\u00e9es par le Royaume du Maroc au cours des deux derni\u00e8res d\u00e9cennies, ce qui a permis de notables progr\u00e8s politiques, \u00e9conomiques et sociaux sous la conduite de Sa Majest\u00e9 le Roi Mohammed VI, indique la D\u00e9claration conjointe [&hellip;]<\/p>\n","protected":false},"author":1760,"featured_media":0,"comment_status":"closed","ping_status":"closed","sticky":false,"template":"","format":"standard","meta":{"fifu_image_url":"","fifu_image_alt":"","footnotes":""},"categories":[73,54],"tags":[],"class_list":["post-144219","post","type-post","status-publish","format-standard","hentry","category-actualite","category-maroc"],"_links":{"self":[{"href":"https:\/\/linitiative.ca\/International\/wp-json\/wp\/v2\/posts\/144219","targetHints":{"allow":["GET"]}}],"collection":[{"href":"https:\/\/linitiative.ca\/International\/wp-json\/wp\/v2\/posts"}],"about":[{"href":"https:\/\/linitiative.ca\/International\/wp-json\/wp\/v2\/types\/post"}],"author":[{"embeddable":true,"href":"https:\/\/linitiative.ca\/International\/wp-json\/wp\/v2\/users\/1760"}],"replies":[{"embeddable":true,"href":"https:\/\/linitiative.ca\/International\/wp-json\/wp\/v2\/comments?post=144219"}],"version-history":[{"count":0,"href":"https:\/\/linitiative.ca\/International\/wp-json\/wp\/v2\/posts\/144219\/revisions"}],"wp:attachment":[{"href":"https:\/\/linitiative.ca\/International\/wp-json\/wp\/v2\/media?parent=144219"}],"wp:term":[{"taxonomy":"category","embeddable":true,"href":"https:\/\/linitiative.ca\/International\/wp-json\/wp\/v2\/categories?post=144219"},{"taxonomy":"post_tag","embeddable":true,"href":"https:\/\/linitiative.ca\/International\/wp-json\/wp\/v2\/tags?post=144219"}],"curies":[{"name":"wp","href":"https:\/\/api.w.org\/{rel}","templated":true}]}}