{"id":144221,"date":"2022-03-29T11:00:00","date_gmt":"2022-03-29T15:00:00","guid":{"rendered":"https:\/\/linitiative.ca\/International\/hand-le-maroc-et-lalgerie-prives-de-lorganisation-de-la-can\/"},"modified":"2022-03-29T11:00:00","modified_gmt":"2022-03-29T15:00:00","slug":"hand-le-maroc-et-lalgerie-prives-de-lorganisation-de-la-can","status":"publish","type":"post","link":"https:\/\/linitiative.ca\/International\/hand-le-maroc-et-lalgerie-prives-de-lorganisation-de-la-can\/","title":{"rendered":"Hand: le Maroc et l&rsquo;Alg\u00e9rie priv\u00e9s de l\u2019organisation de la CAN"},"content":{"rendered":"<div>La Conf\u00e9d\u00e9ration africaine de hand-ball (CAHB) a annonc\u00e9, ce mardi, dans un communiqu\u00e9 publi\u00e9 sur son site web, de priver le Maroc et l&rsquo;Alg\u00e9rie de l&rsquo;organisation des deux prochaines \u00e9ditions (2022 et 2024) de la coupe d&rsquo;Afrique des nations.<\/div>\n<p>Auteur:<br \/>\n<a href=\"https:\/\/www.liberte-algerie.com\/sports\/hand-le-maroc-et-lalgerie-prives-de-lorganisation-de-la-can-375683\">Cliquez ici pour lire l&rsquo;article depuis sa source.<\/a><\/p>\n","protected":false},"excerpt":{"rendered":"<p>La Conf\u00e9d\u00e9ration africaine de hand-ball (CAHB) a annonc\u00e9, ce mardi, dans un communiqu\u00e9 publi\u00e9 sur son site web, de priver le Maroc et l&rsquo;Alg\u00e9rie de l&rsquo;organisation des deux prochaines \u00e9ditions (2022 et 2024) de la coupe d&rsquo;Afrique des nations. Auteur: Cliquez ici pour lire l&rsquo;article depuis sa source.<\/p>\n","protected":false},"author":1742,"featured_media":0,"comment_status":"closed","ping_status":"closed","sticky":false,"template":"","format":"standard","meta":{"fifu_image_url":"","fifu_image_alt":"","footnotes":""},"categories":[73,53],"tags":[],"class_list":["post-144221","post","type-post","status-publish","format-standard","hentry","category-actualite","category-algerie"],"_links":{"self":[{"href":"https:\/\/linitiative.ca\/International\/wp-json\/wp\/v2\/posts\/144221","targetHints":{"allow":["GET"]}}],"collection":[{"href":"https:\/\/linitiative.ca\/International\/wp-json\/wp\/v2\/posts"}],"about":[{"href":"https:\/\/linitiative.ca\/International\/wp-json\/wp\/v2\/types\/post"}],"author":[{"embeddable":true,"href":"https:\/\/linitiative.ca\/International\/wp-json\/wp\/v2\/users\/1742"}],"replies":[{"embeddable":true,"href":"https:\/\/linitiative.ca\/International\/wp-json\/wp\/v2\/comments?post=144221"}],"version-history":[{"count":0,"href":"https:\/\/linitiative.ca\/International\/wp-json\/wp\/v2\/posts\/144221\/revisions"}],"wp:attachment":[{"href":"https:\/\/linitiative.ca\/International\/wp-json\/wp\/v2\/media?parent=144221"}],"wp:term":[{"taxonomy":"category","embeddable":true,"href":"https:\/\/linitiative.ca\/International\/wp-json\/wp\/v2\/categories?post=144221"},{"taxonomy":"post_tag","embeddable":true,"href":"https:\/\/linitiative.ca\/International\/wp-json\/wp\/v2\/tags?post=144221"}],"curies":[{"name":"wp","href":"https:\/\/api.w.org\/{rel}","templated":true}]}}