{"id":144222,"date":"2022-03-29T06:41:09","date_gmt":"2022-03-29T10:41:09","guid":{"rendered":"https:\/\/linitiative.ca\/International\/caravane-medicale-pour-le-depistage-de-la-tuberculose-chez-des-migrants\/"},"modified":"2022-03-29T06:41:09","modified_gmt":"2022-03-29T10:41:09","slug":"caravane-medicale-pour-le-depistage-de-la-tuberculose-chez-des-migrants","status":"publish","type":"post","link":"https:\/\/linitiative.ca\/International\/caravane-medicale-pour-le-depistage-de-la-tuberculose-chez-des-migrants\/","title":{"rendered":"Caravane m\u00e9dicale pour le d\u00e9pistage de la tuberculose chez des migrants"},"content":{"rendered":"<div>\n<div style=\"margin-bottom:20px;\"><img loading=\"lazy\" decoding=\"async\" width=\"750\" height=\"430\" src=\"https:\/\/linitiative.ca\/International\/wp-content\/uploads\/sites\/23\/2022\/03\/caravane_mC3A9dicale.jpg\" class=\"attachment-post-thumbnail size-post-thumbnail wp-post-image\" alt=\"\" srcset=\"https:\/\/linitiative.ca\/International\/wp-content\/uploads\/sites\/23\/2022\/03\/caravane_mC3A9dicale.jpg 750w, https:\/\/www.mapmarrakech.ma\/map\/uploads\/2022\/03\/caravane_m\u00e9dicale-300x172.jpg 300w\" sizes=\"auto, (max-width: 750px) 100vw, 750px\"><\/div>\n<p>Organis\u00e9e par la Direction r\u00e9gionale de la Sant\u00e9 et de la protection sociale \u00e0 Marrakech-Safi sous le signe \u00ab\u00a0vers une mobilisation nationale pour sauver des vies et \u00e9radiquer la tuberculose au Maroc\u00a0\u00bb, cette initiative humaine et solidaire se propose de faire b\u00e9n\u00e9ficier les migrants cibl\u00e9s de consultations m\u00e9dicales et de soins, et ce, en application des dispositions des diff\u00e9rentes conventions internationales ratifi\u00e9es par le Royaume en la mati\u00e8re.<\/p>\n<p>Cette caravane, initi\u00e9e en coordination \u00e9galement avec la d\u00e9l\u00e9gation provinciale de la Sant\u00e9 et de la protection sociale de Marrakech, de l\u2019Association Marocaine des Maladies Thoraciques, et le Centre Afro-M\u00e9diterran\u00e9en des Etudes Strat\u00e9giques et de D\u00e9veloppement Durable (Afro-Med), a \u00e9t\u00e9 encadr\u00e9e par un ar\u00e9opage de m\u00e9decins sp\u00e9cialistes en maladies thoraciques, de m\u00e9decins internes, d\u2019infirmiers et de techniciens de sant\u00e9.<\/p>\n<p>Inscrite dans le cadre de la campagne nationale de lutte contre la tuberculose, cette caravane a \u00e9t\u00e9 l\u2019occasion de mobiliser une unit\u00e9 mobile afin de faciliter le diagnostic pr\u00e9coce chez les personnes cibl\u00e9es.<\/p>\n<p>A cette occasion, les migrants concern\u00e9s ont b\u00e9n\u00e9fici\u00e9 de consultations m\u00e9dicales et radiologiques, outre la distribution \u00e0 leur profit de m\u00e9dicaments.<\/p>\n<p>A noter que la Direction r\u00e9gionale de la Sant\u00e9 et de la protection sociale a adopt\u00e9 un plan d\u2019action idoine en vue de mener une s\u00e9rie de campagnes de sensibilisation et de conscientisation sur la tuberculose, outre des caravanes m\u00e9dicales pour le d\u00e9pistage de la tuberculose au niveau des diff\u00e9rentes provinces et de la pr\u00e9fecture relevant de la r\u00e9gion Marrakech-Safi.<\/p>\n<p>Pour leur part, plusieurs b\u00e9n\u00e9ficiaires de cette action sociale et solidaire ont lou\u00e9 l\u2019importance de cette caravane pour la protection et la pr\u00e9servation de leur sant\u00e9 et leur bien-\u00eatre.<\/p>\n<p>The post <a rel=\"nofollow\" href=\"https:\/\/www.mapmarrakech.ma\/fr\/caravane-medicale-pour-le-depistage-de-la-tuberculose-chez-des-migrants\/\">Caravane m\u00e9dicale pour le d\u00e9pistage de la tuberculose chez des migrants<\/a> appeared first on <a rel=\"nofollow\" href=\"https:\/\/www.mapmarrakech.ma\/fr\">MapMarrakech<\/a>.<\/p>\n<\/div>\n<p>Auteur: Meriem IGASS<br \/>\n<a href=\"https:\/\/www.mapmarrakech.ma\/fr\/caravane-medicale-pour-le-depistage-de-la-tuberculose-chez-des-migrants\/\">Cliquez ici pour lire l&rsquo;article depuis sa source.<\/a><\/p>\n","protected":false},"excerpt":{"rendered":"<p>Organis\u00e9e par la Direction r\u00e9gionale de la Sant\u00e9 et de la protection sociale \u00e0 Marrakech-Safi sous le signe \u00ab\u00a0vers une mobilisation nationale pour sauver des vies et \u00e9radiquer la tuberculose au Maroc\u00a0\u00bb, cette initiative humaine et solidaire se propose de faire b\u00e9n\u00e9ficier les migrants cibl\u00e9s de consultations m\u00e9dicales et de soins, et ce, en application [&hellip;]<\/p>\n","protected":false},"author":1788,"featured_media":0,"comment_status":"closed","ping_status":"closed","sticky":false,"template":"","format":"standard","meta":{"fifu_image_url":"https:\/\/www.mapmarrakech.ma\/map\/uploads\/2022\/03\/caravane_m\u00e9dicale.jpg","fifu_image_alt":"Caravane m\u00e9dicale pour le d\u00e9pistage de la tuberculose chez des migrants","footnotes":""},"categories":[54,76],"tags":[],"class_list":["post-144222","post","type-post","status-publish","format-standard","hentry","category-maroc","category-regions"],"_links":{"self":[{"href":"https:\/\/linitiative.ca\/International\/wp-json\/wp\/v2\/posts\/144222","targetHints":{"allow":["GET"]}}],"collection":[{"href":"https:\/\/linitiative.ca\/International\/wp-json\/wp\/v2\/posts"}],"about":[{"href":"https:\/\/linitiative.ca\/International\/wp-json\/wp\/v2\/types\/post"}],"author":[{"embeddable":true,"href":"https:\/\/linitiative.ca\/International\/wp-json\/wp\/v2\/users\/1788"}],"replies":[{"embeddable":true,"href":"https:\/\/linitiative.ca\/International\/wp-json\/wp\/v2\/comments?post=144222"}],"version-history":[{"count":0,"href":"https:\/\/linitiative.ca\/International\/wp-json\/wp\/v2\/posts\/144222\/revisions"}],"wp:attachment":[{"href":"https:\/\/linitiative.ca\/International\/wp-json\/wp\/v2\/media?parent=144222"}],"wp:term":[{"taxonomy":"category","embeddable":true,"href":"https:\/\/linitiative.ca\/International\/wp-json\/wp\/v2\/categories?post=144222"},{"taxonomy":"post_tag","embeddable":true,"href":"https:\/\/linitiative.ca\/International\/wp-json\/wp\/v2\/tags?post=144222"}],"curies":[{"name":"wp","href":"https:\/\/api.w.org\/{rel}","templated":true}]}}