{"id":144224,"date":"2022-03-29T10:22:14","date_gmt":"2022-03-29T14:22:14","guid":{"rendered":"https:\/\/linitiative.ca\/International\/previsions-meteorologiques-pour-le-mercredi-30-mars-2022\/"},"modified":"2022-03-29T10:22:14","modified_gmt":"2022-03-29T14:22:14","slug":"previsions-meteorologiques-pour-le-mercredi-30-mars-2022","status":"publish","type":"post","link":"https:\/\/linitiative.ca\/International\/previsions-meteorologiques-pour-le-mercredi-30-mars-2022\/","title":{"rendered":"Pr\u00e9visions m\u00e9t\u00e9orologiques pour le mercredi 30 mars 2022"},"content":{"rendered":"<div>\n<div style=\"margin-bottom:20px;\"><img loading=\"lazy\" decoding=\"async\" width=\"750\" height=\"430\" src=\"https:\/\/linitiative.ca\/International\/wp-content\/uploads\/sites\/23\/2022\/03\/mC3A9tC3A9o-1.jpg\" class=\"attachment-post-thumbnail size-post-thumbnail wp-post-image\" alt=\"\" srcset=\"https:\/\/linitiative.ca\/International\/wp-content\/uploads\/sites\/23\/2022\/03\/mC3A9tC3A9o-1.jpg 750w, https:\/\/www.mapmarrakech.ma\/map\/uploads\/2022\/03\/m\u00e9t\u00e9o-1-300x172.jpg 300w\" sizes=\"auto, (max-width: 750px) 100vw, 750px\"><\/div>\n<p>\u2013 pluies avec orages localis\u00e9es par endroits sur les r\u00e9gions nord et centre, le Rif, les Haut et Moyen Atlas, leurs r\u00e9gions ouest voisines, le Saiss et le nord de l\u2019Oriental;<\/p>\n<p>\u2013 ond\u00e9es ou gouttes de pluies \u00e9parses sur les versants sud-est, l\u2019Anti-Atlas, le sud de l\u2019Oriental et le nord-ouest des provinces du Sud;<\/p>\n<p>\u2013 chutes de neige sur les sommets des Haut et Moyen Atlas;<\/p>\n<p>\u2013 Temps assez froid sur les montagnes;<\/p>\n<p>\u2013 Rafales de vent assez fortes et accompagn\u00e9es de chasse-poussi\u00e8res par endroits sur le Saiss, l\u2019Atlas, l\u2019Oriental, la M\u00e9diterran\u00e9e, le Tang\u00e9rois, le Sud-Est, le Souss et les r\u00e9gions sud;<\/p>\n<p>\u2013 Temp\u00e9ratures minimales de l\u2019ordre de -01\/06\u00b0C sur l\u2019Atlas et le Rif, 07\/13\u00b0C sur l\u2019Oriental, les versants sud-est, le Saiss et les plateaux des phosphates, 11\/16\u00b0C sur les plaines nord et centre, la M\u00e9diterran\u00e9e, le Sud-Est et le Souss et de 13\/18\u00b0C sur les provinces du Sud;<\/p>\n<p>\u2013 Temp\u00e9ratures du jour en baisse sur les reliefs et les r\u00e9gions est;<\/p>\n<p>\u2013 Mer peu agit\u00e9e \u00e0 agit\u00e9e en M\u00e9diterran\u00e9e et sur le D\u00e9troit et peu agit\u00e9e \u00e0 agit\u00e9e, devenant localement agit\u00e9e \u00e0 forte entre Tanger et Mehdia.<\/p>\n<p>The post <a rel=\"nofollow\" href=\"https:\/\/www.mapmarrakech.ma\/fr\/previsions-meteorologiques-pour-le-mercredi-30-mars-2022\/\">Pr\u00e9visions m\u00e9t\u00e9orologiques pour le mercredi 30 mars 2022<\/a> appeared first on <a rel=\"nofollow\" href=\"https:\/\/www.mapmarrakech.ma\/fr\">MapMarrakech<\/a>.<\/p>\n<\/div>\n<p>Auteur: Meriem IGASS<br \/>\n<a href=\"https:\/\/www.mapmarrakech.ma\/fr\/previsions-meteorologiques-pour-le-mercredi-30-mars-2022\/\">Cliquez ici pour lire l&rsquo;article depuis sa source.<\/a><\/p>\n","protected":false},"excerpt":{"rendered":"<p>\u2013 pluies avec orages localis\u00e9es par endroits sur les r\u00e9gions nord et centre, le Rif, les Haut et Moyen Atlas, leurs r\u00e9gions ouest voisines, le Saiss et le nord de l\u2019Oriental; \u2013 ond\u00e9es ou gouttes de pluies \u00e9parses sur les versants sud-est, l\u2019Anti-Atlas, le sud de l\u2019Oriental et le nord-ouest des provinces du Sud; \u2013 [&hellip;]<\/p>\n","protected":false},"author":1788,"featured_media":0,"comment_status":"closed","ping_status":"closed","sticky":false,"template":"","format":"standard","meta":{"fifu_image_url":"https:\/\/www.mapmarrakech.ma\/map\/uploads\/2022\/03\/m\u00e9t\u00e9o-1.jpg","fifu_image_alt":"Pr\u00e9visions m\u00e9t\u00e9orologiques pour le mercredi 30 mars 2022","footnotes":""},"categories":[54,76],"tags":[],"class_list":["post-144224","post","type-post","status-publish","format-standard","hentry","category-maroc","category-regions"],"_links":{"self":[{"href":"https:\/\/linitiative.ca\/International\/wp-json\/wp\/v2\/posts\/144224","targetHints":{"allow":["GET"]}}],"collection":[{"href":"https:\/\/linitiative.ca\/International\/wp-json\/wp\/v2\/posts"}],"about":[{"href":"https:\/\/linitiative.ca\/International\/wp-json\/wp\/v2\/types\/post"}],"author":[{"embeddable":true,"href":"https:\/\/linitiative.ca\/International\/wp-json\/wp\/v2\/users\/1788"}],"replies":[{"embeddable":true,"href":"https:\/\/linitiative.ca\/International\/wp-json\/wp\/v2\/comments?post=144224"}],"version-history":[{"count":0,"href":"https:\/\/linitiative.ca\/International\/wp-json\/wp\/v2\/posts\/144224\/revisions"}],"wp:attachment":[{"href":"https:\/\/linitiative.ca\/International\/wp-json\/wp\/v2\/media?parent=144224"}],"wp:term":[{"taxonomy":"category","embeddable":true,"href":"https:\/\/linitiative.ca\/International\/wp-json\/wp\/v2\/categories?post=144224"},{"taxonomy":"post_tag","embeddable":true,"href":"https:\/\/linitiative.ca\/International\/wp-json\/wp\/v2\/tags?post=144224"}],"curies":[{"name":"wp","href":"https:\/\/api.w.org\/{rel}","templated":true}]}}