{"id":144226,"date":"2022-03-29T10:36:58","date_gmt":"2022-03-29T14:36:58","guid":{"rendered":"https:\/\/linitiative.ca\/International\/journee-dinformation-sur-les-nouveautes-de-la-loi-de-finance-2022\/"},"modified":"2022-03-29T10:36:58","modified_gmt":"2022-03-29T14:36:58","slug":"journee-dinformation-sur-les-nouveautes-de-la-loi-de-finance-2022","status":"publish","type":"post","link":"https:\/\/linitiative.ca\/International\/journee-dinformation-sur-les-nouveautes-de-la-loi-de-finance-2022\/","title":{"rendered":"Journ\u00e9e d\u2019information sur les nouveaut\u00e9s de la loi de finance 2022"},"content":{"rendered":"<div>\n<div style=\"margin-bottom:20px;\"><img loading=\"lazy\" decoding=\"async\" width=\"750\" height=\"430\" src=\"https:\/\/linitiative.ca\/International\/wp-content\/uploads\/sites\/23\/2022\/03\/loifinance-copier.jpg\" class=\"attachment-post-thumbnail size-post-thumbnail wp-post-image\" alt=\"\" srcset=\"https:\/\/linitiative.ca\/International\/wp-content\/uploads\/sites\/23\/2022\/03\/loifinance-copier.jpg 750w, https:\/\/www.mapmarrakech.ma\/map\/uploads\/2022\/03\/loifinance-copier-300x172.jpg 300w\" sizes=\"auto, (max-width: 750px) 100vw, 750px\"><\/div>\n<p>Cette rencontre d\u2019information et d\u2019\u00e9change se tient annuellement par la CCIS de Marrakech-Safi au niveau des diff\u00e9rentes provinces relevant de la r\u00e9gion, afin de jeter la lumi\u00e8re et faire connaitre davantage les dispositions et multiples nouveaut\u00e9s de la loi de finance, en sa qualit\u00e9 de \u00ab\u00a0programme annuel\u00a0\u00bb \u00e0 travers lequel le gouvernement se propose d\u2019\u00e9tablir les strat\u00e9gies de d\u00e9veloppement \u00e9conomique et social.<\/p>\n<p>Intervenant lors de cette journ\u00e9e initi\u00e9e, en partenariat avec la Direction r\u00e9gionale des Imp\u00f4ts \u00e0 Marrakech et l\u2019Organisation Professionnelle des Comptables Agr\u00e9es (OPCA) au Maroc, le premier vice-pr\u00e9sident de la CCIS, M. Abdeloula Baloty, a fait savoir que la loi de finance 2022 comporte quatre orientations g\u00e9n\u00e9rales portant, entre autres, sur la consolidation des bases visant \u00e0 booster la promotion de l\u2019\u00e9conomie nationale, et le renforcement des m\u00e9canismes d\u2019int\u00e9gration.<\/p>\n<p>Elle concerne aussi l\u2019avancement dans la g\u00e9n\u00e9ralisation du chantier Royal relatif \u00e0 la protection sociale, outre le renforcement du capital humain, la r\u00e9forme du secteur public et la consolidation des m\u00e9canismes de la bonne gouvernance, a-t-il poursuivi.<\/p>\n<p>Et de faire savoir que la loi de finance a apport\u00e9 une batterie de mesures \u00e0 m\u00eame d\u2019assurer la mise en application dans les faits de chacune des quatre orientations g\u00e9n\u00e9rales, notamment celles concernant la promotion de l\u2019emploi, l\u2019appui \u00e0 l\u2019entreprise, avec en priorit\u00e9 la mise en oeuvre des programmes \u00ab\u00a0Awrach\u00a0\u00bb et \u00ab\u00a0Forsa\u00a0\u00bb, outre une panoplie de mesures fiscales.<\/p>\n<p>De son c\u00f4t\u00e9, M. Idriss Hammou, cadre \u00e0 la Direction r\u00e9gionale des imp\u00f4ts, a pr\u00e9sent\u00e9 un expos\u00e9 sur les nouveaut\u00e9s fiscales contenues dans la loi de finance 2022 qui intervient dans le cadre de la premi\u00e8re ann\u00e9e de la mise en application des mesures relatives \u00e0 la loi-cadre visant \u00e0 mettre sur pied un syst\u00e8me fiscal \u00ab\u00a0efficace\u00a0\u00bb, \u00ab\u00a0\u00e9quitable\u00a0\u00bb, \u00ab\u00a0juste\u00a0\u00bb et \u00ab\u00a0\u00e9quilibr\u00e9\u00a0\u00bb, et \u00e0 poursuivre la mise en application de la strat\u00e9gie de promotion de l\u2019\u00e9conomie nationale, et la concr\u00e9tisation dans les faits des contenus relatifs \u00e0 la loi-cadre concernant la r\u00e9forme fiscale.<\/p>\n<p>M. Hammou s\u2019est attard\u00e9 \u00e9galement sur les dispositions relatives \u00e0 l\u2019imp\u00f4t sur les soci\u00e9t\u00e9s, l\u2019am\u00e9lioration du syst\u00e8me de contribution professionnelle individuelle, la facilitation des proc\u00e9dures de liquidation, ainsi que sur le renforcement des moyens de lutte contre la fraude fiscale entre autres.<\/p>\n<p>Pour sa part, M. Mohamed Alaoui, membre du Conseil National des Comptables Agr\u00e9es au Maroc, a mis en relief l\u2019importance de cette journ\u00e9e d\u2019information qui vise \u00e0 fournir des explications aux professionnels sur les nouveaut\u00e9s de la loi de finance 2022, et \u00e0 s\u2019attarder dans les d\u00e9tails sur les multiples dispositions de cette feuille de route.<\/p>\n<p>Cette journ\u00e9e d\u2019information a \u00e9t\u00e9 rehauss\u00e9e par la pr\u00e9sence de la Directrice r\u00e9gionale des Imp\u00f4ts, nombre de professionnels, de comptables agr\u00e9es, ainsi que des acteurs de la soci\u00e9t\u00e9 civile.<\/p>\n<p>The post <a rel=\"nofollow\" href=\"https:\/\/www.mapmarrakech.ma\/fr\/journee-dinformation-sur-les-nouveautes-de-la-loi-de-finance-2022\/\">Journ\u00e9e d\u2019information sur les nouveaut\u00e9s de la loi de finance 2022<\/a> appeared first on <a rel=\"nofollow\" href=\"https:\/\/www.mapmarrakech.ma\/fr\">MapMarrakech<\/a>.<\/p>\n<\/div>\n<p>Auteur: Meriem IGASS<br \/>\n<a href=\"https:\/\/www.mapmarrakech.ma\/fr\/journee-dinformation-sur-les-nouveautes-de-la-loi-de-finance-2022\/\">Cliquez ici pour lire l&rsquo;article depuis sa source.<\/a><\/p>\n","protected":false},"excerpt":{"rendered":"<p>Cette rencontre d\u2019information et d\u2019\u00e9change se tient annuellement par la CCIS de Marrakech-Safi au niveau des diff\u00e9rentes provinces relevant de la r\u00e9gion, afin de jeter la lumi\u00e8re et faire connaitre davantage les dispositions et multiples nouveaut\u00e9s de la loi de finance, en sa qualit\u00e9 de \u00ab\u00a0programme annuel\u00a0\u00bb \u00e0 travers lequel le gouvernement se propose d\u2019\u00e9tablir [&hellip;]<\/p>\n","protected":false},"author":1788,"featured_media":0,"comment_status":"closed","ping_status":"closed","sticky":false,"template":"","format":"standard","meta":{"fifu_image_url":"https:\/\/www.mapmarrakech.ma\/map\/uploads\/2022\/03\/loifinance-copier.jpg","fifu_image_alt":"Journ\u00e9e d\u2019information sur les nouveaut\u00e9s de la loi de finance 2022","footnotes":""},"categories":[54,76],"tags":[],"class_list":["post-144226","post","type-post","status-publish","format-standard","hentry","category-maroc","category-regions"],"_links":{"self":[{"href":"https:\/\/linitiative.ca\/International\/wp-json\/wp\/v2\/posts\/144226","targetHints":{"allow":["GET"]}}],"collection":[{"href":"https:\/\/linitiative.ca\/International\/wp-json\/wp\/v2\/posts"}],"about":[{"href":"https:\/\/linitiative.ca\/International\/wp-json\/wp\/v2\/types\/post"}],"author":[{"embeddable":true,"href":"https:\/\/linitiative.ca\/International\/wp-json\/wp\/v2\/users\/1788"}],"replies":[{"embeddable":true,"href":"https:\/\/linitiative.ca\/International\/wp-json\/wp\/v2\/comments?post=144226"}],"version-history":[{"count":0,"href":"https:\/\/linitiative.ca\/International\/wp-json\/wp\/v2\/posts\/144226\/revisions"}],"wp:attachment":[{"href":"https:\/\/linitiative.ca\/International\/wp-json\/wp\/v2\/media?parent=144226"}],"wp:term":[{"taxonomy":"category","embeddable":true,"href":"https:\/\/linitiative.ca\/International\/wp-json\/wp\/v2\/categories?post=144226"},{"taxonomy":"post_tag","embeddable":true,"href":"https:\/\/linitiative.ca\/International\/wp-json\/wp\/v2\/tags?post=144226"}],"curies":[{"name":"wp","href":"https:\/\/api.w.org\/{rel}","templated":true}]}}