{"id":144228,"date":"2022-03-29T13:21:31","date_gmt":"2022-03-29T17:21:31","guid":{"rendered":"https:\/\/linitiative.ca\/International\/rencontres-regionales-avec-les-commercants-des-pierres-et-metaux-precieux\/"},"modified":"2022-03-29T13:21:31","modified_gmt":"2022-03-29T17:21:31","slug":"rencontres-regionales-avec-les-commercants-des-pierres-et-metaux-precieux","status":"publish","type":"post","link":"https:\/\/linitiative.ca\/International\/rencontres-regionales-avec-les-commercants-des-pierres-et-metaux-precieux\/","title":{"rendered":"Rencontres r\u00e9gionales avec les commer\u00e7ants des pierres et m\u00e9taux pr\u00e9cieux"},"content":{"rendered":"<div>\n<div style=\"margin-bottom:20px;\"><img loading=\"lazy\" decoding=\"async\" width=\"750\" height=\"430\" src=\"https:\/\/linitiative.ca\/International\/wp-content\/uploads\/sites\/23\/2022\/03\/SiC3A8ge-de-lADII-750C397430-MAP.jpg\" class=\"attachment-post-thumbnail size-post-thumbnail wp-post-image\" alt=\"\" srcset=\"https:\/\/linitiative.ca\/International\/wp-content\/uploads\/sites\/23\/2022\/03\/SiC3A8ge-de-lADII-750C397430-MAP.jpg 750w, https:\/\/www.mapoujda.ma\/map\/uploads\/2021\/12\/Si\u00e8ge-de-lADII-750\u00d7430-MAP-300x172.jpg 300w\" sizes=\"auto, (max-width: 750px) 100vw, 750px\"><\/div>\n<p style=\"text-align: justify;\">Des rencontres r\u00e9gionales d\u2019information ont eu lieu, r\u00e9cemment, avec des repr\u00e9sentants des commer\u00e7ants des m\u00e9taux pr\u00e9cieux et pierres pr\u00e9cieuses, dans le but de leur pr\u00e9senter les nouveaut\u00e9s apport\u00e9es par le dispositif l\u00e9gal de lutte contre le blanchiment d\u2019argent et le financement du terrorisme.<\/p>\n<p style=\"text-align: justify;\">Ces rencontres ont \u00e9t\u00e9 organis\u00e9es par l\u2019Administration des Douanes et Imp\u00f4ts Indirects (ADII) en collaboration avec l\u2019Autorit\u00e9 Nationale des Renseignements Financiers (ANRF), le 25 f\u00e9vrier et les 03 et 25 mars, aux si\u00e8ges de la Direction R\u00e9gionale d\u2019Agadir, de la Direction R\u00e9gionale de F\u00e8s-Mekn\u00e8s et de la Direction R\u00e9gionale de l\u2019Oriental, en vue de jeter la lumi\u00e8re sur les nouveaut\u00e9s apport\u00e9es par la loi n\u00b012.18, publi\u00e9e au bulletin officiel le 14 juin 2021, indique un communiqu\u00e9 de l\u2019ADII.<\/p>\n<p style=\"text-align: justify;\">Inscrits dans le cadre d\u2019un cycle de rencontres enclench\u00e9 le 09 juillet 2021 \u00e0 Casablanca, ces \u00e9v\u00e9nements constituent l\u2019occasion pour l\u2019Administration de sensibiliser ces commer\u00e7ants au sujet de la dangerosit\u00e9 que rev\u00eat ce crime et d\u2019exposer les obligations l\u00e9gales leur incombant, en tant que personnes assujetties, afin de pr\u00e9venir contre les risques li\u00e9s au blanchiment des capitaux, \u00e0 travers la mise en place des m\u00e9canismes de contr\u00f4le interne et des mesures de vigilance et la pr\u00e9sentation des d\u00e9clarations de soup\u00e7ons, rel\u00e8ve la m\u00eame source.<\/p>\n<p style=\"text-align: justify;\">Le d\u00e9bat qui a caract\u00e9ris\u00e9 ces rencontres d\u00e9note l\u2019implication et l\u2019engagement pris par cette cat\u00e9gorie de commer\u00e7ants pour rendre effectives les dispositions de la loi dans l\u2019int\u00e9r\u00eat g\u00e9n\u00e9ral du pays, conclut la m\u00eame source.<\/p>\n<p>L\u2019article <a rel=\"nofollow\" href=\"https:\/\/www.mapoujda.ma\/fr\/rencontres-regionales-avec-les-commercants-des-pierres-et-metaux-precieux\/\">Rencontres r\u00e9gionales avec les commer\u00e7ants des pierres et m\u00e9taux pr\u00e9cieux<\/a> est apparu en premier sur <a rel=\"nofollow\" href=\"https:\/\/www.mapoujda.ma\/fr\">MapOujda<\/a>.<\/p>\n<\/div>\n<p>Auteur: Soufiane ELAHMAR<br \/>\n<a href=\"https:\/\/www.mapoujda.ma\/fr\/rencontres-regionales-avec-les-commercants-des-pierres-et-metaux-precieux\/\">Cliquez ici pour lire l&rsquo;article depuis sa source.<\/a><\/p>\n","protected":false},"excerpt":{"rendered":"<p>Des rencontres r\u00e9gionales d\u2019information ont eu lieu, r\u00e9cemment, avec des repr\u00e9sentants des commer\u00e7ants des m\u00e9taux pr\u00e9cieux et pierres pr\u00e9cieuses, dans le but de leur pr\u00e9senter les nouveaut\u00e9s apport\u00e9es par le dispositif l\u00e9gal de lutte contre le blanchiment d\u2019argent et le financement du terrorisme. Ces rencontres ont \u00e9t\u00e9 organis\u00e9es par l\u2019Administration des Douanes et Imp\u00f4ts Indirects [&hellip;]<\/p>\n","protected":false},"author":1788,"featured_media":0,"comment_status":"closed","ping_status":"closed","sticky":false,"template":"","format":"standard","meta":{"fifu_image_url":"https:\/\/www.mapoujda.ma\/map\/uploads\/2021\/12\/Si\u00e8ge-de-lADII-750\u00d7430-MAP.jpg","fifu_image_alt":"Rencontres r\u00e9gionales avec les commer\u00e7ants des pierres et m\u00e9taux pr\u00e9cieux","footnotes":""},"categories":[54,76],"tags":[],"class_list":["post-144228","post","type-post","status-publish","format-standard","hentry","category-maroc","category-regions"],"_links":{"self":[{"href":"https:\/\/linitiative.ca\/International\/wp-json\/wp\/v2\/posts\/144228","targetHints":{"allow":["GET"]}}],"collection":[{"href":"https:\/\/linitiative.ca\/International\/wp-json\/wp\/v2\/posts"}],"about":[{"href":"https:\/\/linitiative.ca\/International\/wp-json\/wp\/v2\/types\/post"}],"author":[{"embeddable":true,"href":"https:\/\/linitiative.ca\/International\/wp-json\/wp\/v2\/users\/1788"}],"replies":[{"embeddable":true,"href":"https:\/\/linitiative.ca\/International\/wp-json\/wp\/v2\/comments?post=144228"}],"version-history":[{"count":0,"href":"https:\/\/linitiative.ca\/International\/wp-json\/wp\/v2\/posts\/144228\/revisions"}],"wp:attachment":[{"href":"https:\/\/linitiative.ca\/International\/wp-json\/wp\/v2\/media?parent=144228"}],"wp:term":[{"taxonomy":"category","embeddable":true,"href":"https:\/\/linitiative.ca\/International\/wp-json\/wp\/v2\/categories?post=144228"},{"taxonomy":"post_tag","embeddable":true,"href":"https:\/\/linitiative.ca\/International\/wp-json\/wp\/v2\/tags?post=144228"}],"curies":[{"name":"wp","href":"https:\/\/api.w.org\/{rel}","templated":true}]}}