{"id":144230,"date":"2022-03-29T09:48:13","date_gmt":"2022-03-29T13:48:13","guid":{"rendered":"https:\/\/linitiative.ca\/International\/economie-verte-la-berd-lance-geff-ii\/"},"modified":"2022-03-29T09:48:13","modified_gmt":"2022-03-29T13:48:13","slug":"economie-verte-la-berd-lance-geff-ii","status":"publish","type":"post","link":"https:\/\/linitiative.ca\/International\/economie-verte-la-berd-lance-geff-ii\/","title":{"rendered":"\u00c9conomie verte: La BERD lance \u00ab\u00a0GEFF II\u00a0\u00bb"},"content":{"rendered":"<div>\n<div class=\"field field-name-body field-type-text-with-summary field-label-hidden\">\n<div class=\"field-items\">\n<div class=\"field-item even\" property=\"content:encoded\">\n<p>Dot\u00e9e d&rsquo;une enveloppe de 163 millions d&rsquo;euros, la Banque europ\u00e9enne pour la reconstruction et le d\u00e9veloppement (BERD) a lanc\u00e9, mardi \u00e0 Casablanca, la ligne marocaine de financement pour l&rsquo;\u00e9conomie verte \u00ab\u00a0Green Economy Financing Facility Morocco II\u00a0\u00bb (GEFF II).<\/p>\n<\/div>\n<\/div>\n<\/div>\n<\/div>\n<p>Auteur: mbasraoui<br \/>\n<a href=\"https:\/\/www.leconomiste.com\/flash-infos\/economie-verte-la-berd-lance-geff-ii\">Cliquez ici pour lire l&rsquo;article depuis sa source.<\/a><\/p>\n","protected":false},"excerpt":{"rendered":"<p>Dot\u00e9e d&rsquo;une enveloppe de 163 millions d&rsquo;euros, la Banque europ\u00e9enne pour la reconstruction et le d\u00e9veloppement (BERD) a lanc\u00e9, mardi \u00e0 Casablanca, la ligne marocaine de financement pour l&rsquo;\u00e9conomie verte \u00ab\u00a0Green Economy Financing Facility Morocco II\u00a0\u00bb (GEFF II). Auteur: mbasraoui Cliquez ici pour lire l&rsquo;article depuis sa source.<\/p>\n","protected":false},"author":1763,"featured_media":0,"comment_status":"closed","ping_status":"closed","sticky":false,"template":"","format":"standard","meta":{"fifu_image_url":"","fifu_image_alt":"","footnotes":""},"categories":[78,54],"tags":[],"class_list":["post-144230","post","type-post","status-publish","format-standard","hentry","category-economie","category-maroc"],"_links":{"self":[{"href":"https:\/\/linitiative.ca\/International\/wp-json\/wp\/v2\/posts\/144230","targetHints":{"allow":["GET"]}}],"collection":[{"href":"https:\/\/linitiative.ca\/International\/wp-json\/wp\/v2\/posts"}],"about":[{"href":"https:\/\/linitiative.ca\/International\/wp-json\/wp\/v2\/types\/post"}],"author":[{"embeddable":true,"href":"https:\/\/linitiative.ca\/International\/wp-json\/wp\/v2\/users\/1763"}],"replies":[{"embeddable":true,"href":"https:\/\/linitiative.ca\/International\/wp-json\/wp\/v2\/comments?post=144230"}],"version-history":[{"count":0,"href":"https:\/\/linitiative.ca\/International\/wp-json\/wp\/v2\/posts\/144230\/revisions"}],"wp:attachment":[{"href":"https:\/\/linitiative.ca\/International\/wp-json\/wp\/v2\/media?parent=144230"}],"wp:term":[{"taxonomy":"category","embeddable":true,"href":"https:\/\/linitiative.ca\/International\/wp-json\/wp\/v2\/categories?post=144230"},{"taxonomy":"post_tag","embeddable":true,"href":"https:\/\/linitiative.ca\/International\/wp-json\/wp\/v2\/tags?post=144230"}],"curies":[{"name":"wp","href":"https:\/\/api.w.org\/{rel}","templated":true}]}}