{"id":144231,"date":"2022-03-29T09:55:30","date_gmt":"2022-03-29T13:55:30","guid":{"rendered":"https:\/\/linitiative.ca\/International\/tourisme-lonmt-promeut-la-destination-maroc-a-tel-aviv\/"},"modified":"2022-03-29T09:55:30","modified_gmt":"2022-03-29T13:55:30","slug":"tourisme-lonmt-promeut-la-destination-maroc-a-tel-aviv","status":"publish","type":"post","link":"https:\/\/linitiative.ca\/International\/tourisme-lonmt-promeut-la-destination-maroc-a-tel-aviv\/","title":{"rendered":"Tourisme: L&rsquo;ONMT promeut la destination Maroc \u00e0 Tel-Aviv"},"content":{"rendered":"<div>\n<div class=\"field field-name-body field-type-text-with-summary field-label-hidden\">\n<div class=\"field-items\">\n<div class=\"field-item even\" property=\"content:encoded\">\n<p class=\"rtejustify\">L&rsquo;Office national marocain du tourisme (ONMT) poursuit son op\u00e9ration de promotion de la destination Maroc. Il met le cap sur Tel-Aviv. Son Directeur g\u00e9n\u00e9ral, Adel El Fakir, m\u00e8ne une importante d\u00e9l\u00e9gation d&rsquo;op\u00e9rateurs marocains en Isra\u00ebl pour promouvoir le Maroc, dans le cadre du Salon International Mediterranean Tourism Market (IMTM) qui se tient les 29 et 30 mars \u00e0 Tel-Aviv.<\/p>\n<\/div>\n<\/div>\n<\/div>\n<\/div>\n<p>Auteur: hgueye<br \/>\n<a href=\"https:\/\/www.leconomiste.com\/flash-infos\/tourisme-l-onmt-promeut-la-destination-maroc-tel-aviv\">Cliquez ici pour lire l&rsquo;article depuis sa source.<\/a><\/p>\n","protected":false},"excerpt":{"rendered":"<p>L&rsquo;Office national marocain du tourisme (ONMT) poursuit son op\u00e9ration de promotion de la destination Maroc. Il met le cap sur Tel-Aviv. Son Directeur g\u00e9n\u00e9ral, Adel El Fakir, m\u00e8ne une importante d\u00e9l\u00e9gation d&rsquo;op\u00e9rateurs marocains en Isra\u00ebl pour promouvoir le Maroc, dans le cadre du Salon International Mediterranean Tourism Market (IMTM) qui se tient les 29 et [&hellip;]<\/p>\n","protected":false},"author":1763,"featured_media":0,"comment_status":"closed","ping_status":"closed","sticky":false,"template":"","format":"standard","meta":{"fifu_image_url":"","fifu_image_alt":"","footnotes":""},"categories":[78,54],"tags":[],"class_list":["post-144231","post","type-post","status-publish","format-standard","hentry","category-economie","category-maroc"],"_links":{"self":[{"href":"https:\/\/linitiative.ca\/International\/wp-json\/wp\/v2\/posts\/144231","targetHints":{"allow":["GET"]}}],"collection":[{"href":"https:\/\/linitiative.ca\/International\/wp-json\/wp\/v2\/posts"}],"about":[{"href":"https:\/\/linitiative.ca\/International\/wp-json\/wp\/v2\/types\/post"}],"author":[{"embeddable":true,"href":"https:\/\/linitiative.ca\/International\/wp-json\/wp\/v2\/users\/1763"}],"replies":[{"embeddable":true,"href":"https:\/\/linitiative.ca\/International\/wp-json\/wp\/v2\/comments?post=144231"}],"version-history":[{"count":0,"href":"https:\/\/linitiative.ca\/International\/wp-json\/wp\/v2\/posts\/144231\/revisions"}],"wp:attachment":[{"href":"https:\/\/linitiative.ca\/International\/wp-json\/wp\/v2\/media?parent=144231"}],"wp:term":[{"taxonomy":"category","embeddable":true,"href":"https:\/\/linitiative.ca\/International\/wp-json\/wp\/v2\/categories?post=144231"},{"taxonomy":"post_tag","embeddable":true,"href":"https:\/\/linitiative.ca\/International\/wp-json\/wp\/v2\/tags?post=144231"}],"curies":[{"name":"wp","href":"https:\/\/api.w.org\/{rel}","templated":true}]}}