{"id":144235,"date":"2022-03-29T01:55:00","date_gmt":"2022-03-29T05:55:00","guid":{"rendered":"https:\/\/linitiative.ca\/International\/barca-laporta-ferme-la-porte-a-un-retour-de-messi\/"},"modified":"2022-03-29T01:55:00","modified_gmt":"2022-03-29T05:55:00","slug":"barca-laporta-ferme-la-porte-a-un-retour-de-messi","status":"publish","type":"post","link":"https:\/\/linitiative.ca\/International\/barca-laporta-ferme-la-porte-a-un-retour-de-messi\/","title":{"rendered":"Bar\u00e7a : Laporta ferme la porte \u00e0 un retour de Messi"},"content":{"rendered":"<div>Si les anciens co\u00e9quipiers de l\u2019Argentin n\u2019ont de cesse d\u2019appeler de leurs v\u0153ux au retour de Messi, il en est tout autrement de Joan Laporta, le pr\u00e9sident des Blaugrana<\/div>\n<p>Auteur:<br \/>\n<a href=\"https:\/\/www.lebuteur.com\/article\/detail?titre=barca-laporta-ferme-la-porte-a-un-retour-de-messi&#038;id=102589\">Cliquez ici pour lire l&rsquo;article depuis sa source.<\/a><\/p>\n","protected":false},"excerpt":{"rendered":"<p>Si les anciens co\u00e9quipiers de l\u2019Argentin n\u2019ont de cesse d\u2019appeler de leurs v\u0153ux au retour de Messi, il en est tout autrement de Joan Laporta, le pr\u00e9sident des Blaugrana Auteur: Cliquez ici pour lire l&rsquo;article depuis sa source.<\/p>\n","protected":false},"author":1738,"featured_media":0,"comment_status":"closed","ping_status":"closed","sticky":false,"template":"","format":"standard","meta":{"fifu_image_url":"","fifu_image_alt":"","footnotes":""},"categories":[53,75],"tags":[],"class_list":["post-144235","post","type-post","status-publish","format-standard","hentry","category-algerie","category-sport"],"_links":{"self":[{"href":"https:\/\/linitiative.ca\/International\/wp-json\/wp\/v2\/posts\/144235","targetHints":{"allow":["GET"]}}],"collection":[{"href":"https:\/\/linitiative.ca\/International\/wp-json\/wp\/v2\/posts"}],"about":[{"href":"https:\/\/linitiative.ca\/International\/wp-json\/wp\/v2\/types\/post"}],"author":[{"embeddable":true,"href":"https:\/\/linitiative.ca\/International\/wp-json\/wp\/v2\/users\/1738"}],"replies":[{"embeddable":true,"href":"https:\/\/linitiative.ca\/International\/wp-json\/wp\/v2\/comments?post=144235"}],"version-history":[{"count":0,"href":"https:\/\/linitiative.ca\/International\/wp-json\/wp\/v2\/posts\/144235\/revisions"}],"wp:attachment":[{"href":"https:\/\/linitiative.ca\/International\/wp-json\/wp\/v2\/media?parent=144235"}],"wp:term":[{"taxonomy":"category","embeddable":true,"href":"https:\/\/linitiative.ca\/International\/wp-json\/wp\/v2\/categories?post=144235"},{"taxonomy":"post_tag","embeddable":true,"href":"https:\/\/linitiative.ca\/International\/wp-json\/wp\/v2\/tags?post=144235"}],"curies":[{"name":"wp","href":"https:\/\/api.w.org\/{rel}","templated":true}]}}