{"id":144238,"date":"2022-03-29T12:55:00","date_gmt":"2022-03-29T16:55:00","guid":{"rendered":"https:\/\/linitiative.ca\/International\/algerie-cameroun-les-compositions-dequipes\/"},"modified":"2022-03-29T12:55:00","modified_gmt":"2022-03-29T16:55:00","slug":"algerie-cameroun-les-compositions-dequipes","status":"publish","type":"post","link":"https:\/\/linitiative.ca\/International\/algerie-cameroun-les-compositions-dequipes\/","title":{"rendered":"Alg\u00e9rie &#8211; Cameroun : Les compositions d&rsquo;\u00e9quipes"},"content":{"rendered":"<div>La s\u00e9lection nationale re\u00e7oit le Cameroun \u00e0 20h30 en barrage retour de qualification \u00e0 la prochaine Coupe du monde 2022 (1-0 pour les Fennecs \u00e0 l&rsquo;aller)<\/div>\n<p>Auteur:<br \/>\n<a href=\"https:\/\/www.lebuteur.com\/article\/detail?titre=algerie-cameroun-les-compositions-dequipes&#038;id=102593\">Cliquez ici pour lire l&rsquo;article depuis sa source.<\/a><\/p>\n","protected":false},"excerpt":{"rendered":"<p>La s\u00e9lection nationale re\u00e7oit le Cameroun \u00e0 20h30 en barrage retour de qualification \u00e0 la prochaine Coupe du monde 2022 (1-0 pour les Fennecs \u00e0 l&rsquo;aller) Auteur: Cliquez ici pour lire l&rsquo;article depuis sa source.<\/p>\n","protected":false},"author":1738,"featured_media":0,"comment_status":"closed","ping_status":"closed","sticky":false,"template":"","format":"standard","meta":{"fifu_image_url":"","fifu_image_alt":"","footnotes":""},"categories":[53,75],"tags":[],"class_list":["post-144238","post","type-post","status-publish","format-standard","hentry","category-algerie","category-sport"],"_links":{"self":[{"href":"https:\/\/linitiative.ca\/International\/wp-json\/wp\/v2\/posts\/144238","targetHints":{"allow":["GET"]}}],"collection":[{"href":"https:\/\/linitiative.ca\/International\/wp-json\/wp\/v2\/posts"}],"about":[{"href":"https:\/\/linitiative.ca\/International\/wp-json\/wp\/v2\/types\/post"}],"author":[{"embeddable":true,"href":"https:\/\/linitiative.ca\/International\/wp-json\/wp\/v2\/users\/1738"}],"replies":[{"embeddable":true,"href":"https:\/\/linitiative.ca\/International\/wp-json\/wp\/v2\/comments?post=144238"}],"version-history":[{"count":0,"href":"https:\/\/linitiative.ca\/International\/wp-json\/wp\/v2\/posts\/144238\/revisions"}],"wp:attachment":[{"href":"https:\/\/linitiative.ca\/International\/wp-json\/wp\/v2\/media?parent=144238"}],"wp:term":[{"taxonomy":"category","embeddable":true,"href":"https:\/\/linitiative.ca\/International\/wp-json\/wp\/v2\/categories?post=144238"},{"taxonomy":"post_tag","embeddable":true,"href":"https:\/\/linitiative.ca\/International\/wp-json\/wp\/v2\/tags?post=144238"}],"curies":[{"name":"wp","href":"https:\/\/api.w.org\/{rel}","templated":true}]}}