{"id":144241,"date":"2022-03-29T08:16:00","date_gmt":"2022-03-29T12:16:00","guid":{"rendered":"https:\/\/linitiative.ca\/International\/samir-majoul-passer-de-crise-en-crise-en-gardant-son-optimisme-daction\/"},"modified":"2022-03-29T08:16:00","modified_gmt":"2022-03-29T12:16:00","slug":"samir-majoul-passer-de-crise-en-crise-en-gardant-son-optimisme-daction","status":"publish","type":"post","link":"https:\/\/linitiative.ca\/International\/samir-majoul-passer-de-crise-en-crise-en-gardant-son-optimisme-daction\/","title":{"rendered":"Samir Majoul: Passer de crise en crise, en gardant son optimisme d\u2019action"},"content":{"rendered":"<div><img decoding=\"async\" src=\"https:\/\/linitiative.ca\/International\/wp-content\/uploads\/sites\/23\/2022\/03\/1648552616_article.jpg\" alt=\"Samir Majoul: Passer de crise en crise, en gardant son optimisme d\u2019action\" align=\"left\">Actant la naissance de l\u2019Alliance des patronats francophones, les dirigeants vingt-trois grandes organisations patronales des cinq continents, se sont r\u00e9unis mardi 29 mars \u00e0 Tunis, \u00e0 l\u2019invitation de l\u2019UTICA. Ravi de recevoir ses homologues, dont certains sont venus de loin (Canada, Comores, Madagascar\u2026) et le pr\u00e9sident du Medef (France) Geoffroy Roux de B\u00e9zieux, Samir Majoul a soulign\u00e9 la port\u00e9e de cette initiative et son contexte.<br \/>\nAllocution<br \/>\n\u00abNous sommes r\u00e9unis, \u00e0 Tunis, pour concr\u00e9tiser l\u2019appel que nous avions lanc\u00e9 \u00e0 Paris il y a sept mois, les 24 &amp; 25 ao\u00fbt 2021.Nous \u00e9tions \u00e0 Paris, sur la route de Djerba, appelant \u00e0 la cr\u00e9ation de la francophonie &#8230;<\/p>\n<\/div>\n<p>Auteur:<br \/>\n<a href=\"https:\/\/www.leaders.com.tn\/article\/33150-samir-majoul-passer-de-crise-en-crise-en-gardant-son-optimisme-d-action\">Cliquez ici pour lire l&rsquo;article depuis sa source.<\/a><\/p>\n","protected":false},"excerpt":{"rendered":"<p>Actant la naissance de l\u2019Alliance des patronats francophones, les dirigeants vingt-trois grandes organisations patronales des cinq continents, se sont r\u00e9unis mardi 29 mars \u00e0 Tunis, \u00e0 l\u2019invitation de l\u2019UTICA. Ravi de recevoir ses homologues, dont certains sont venus de loin (Canada, Comores, Madagascar\u2026) et le pr\u00e9sident du Medef (France) Geoffroy Roux de B\u00e9zieux, Samir Majoul [&hellip;]<\/p>\n","protected":false},"author":1772,"featured_media":0,"comment_status":"closed","ping_status":"closed","sticky":false,"template":"","format":"standard","meta":{"fifu_image_url":"http:\/\/www.leaders.com.tn\/uploads\/content\/thumbnails_small\/1648552616_article.jpg","fifu_image_alt":"Samir Majoul: Passer de crise en crise, en gardant son optimisme d\u2019action","footnotes":""},"categories":[73,55],"tags":[],"class_list":["post-144241","post","type-post","status-publish","format-standard","hentry","category-actualite","category-tunisie"],"_links":{"self":[{"href":"https:\/\/linitiative.ca\/International\/wp-json\/wp\/v2\/posts\/144241","targetHints":{"allow":["GET"]}}],"collection":[{"href":"https:\/\/linitiative.ca\/International\/wp-json\/wp\/v2\/posts"}],"about":[{"href":"https:\/\/linitiative.ca\/International\/wp-json\/wp\/v2\/types\/post"}],"author":[{"embeddable":true,"href":"https:\/\/linitiative.ca\/International\/wp-json\/wp\/v2\/users\/1772"}],"replies":[{"embeddable":true,"href":"https:\/\/linitiative.ca\/International\/wp-json\/wp\/v2\/comments?post=144241"}],"version-history":[{"count":0,"href":"https:\/\/linitiative.ca\/International\/wp-json\/wp\/v2\/posts\/144241\/revisions"}],"wp:attachment":[{"href":"https:\/\/linitiative.ca\/International\/wp-json\/wp\/v2\/media?parent=144241"}],"wp:term":[{"taxonomy":"category","embeddable":true,"href":"https:\/\/linitiative.ca\/International\/wp-json\/wp\/v2\/categories?post=144241"},{"taxonomy":"post_tag","embeddable":true,"href":"https:\/\/linitiative.ca\/International\/wp-json\/wp\/v2\/tags?post=144241"}],"curies":[{"name":"wp","href":"https:\/\/api.w.org\/{rel}","templated":true}]}}