{"id":144245,"date":"2022-03-29T10:19:02","date_gmt":"2022-03-29T14:19:02","guid":{"rendered":"https:\/\/linitiative.ca\/International\/la-berd-lance-une-ligne-de-financement-pour-leconomie-verte-au-maroc\/"},"modified":"2022-03-29T10:19:02","modified_gmt":"2022-03-29T14:19:02","slug":"la-berd-lance-une-ligne-de-financement-pour-leconomie-verte-au-maroc","status":"publish","type":"post","link":"https:\/\/linitiative.ca\/International\/la-berd-lance-une-ligne-de-financement-pour-leconomie-verte-au-maroc\/","title":{"rendered":"La BERD lance une ligne de financement pour l\u2019\u00e9conomie verte au Maroc"},"content":{"rendered":"<div><img decoding=\"async\" width=\"1200\" height=\"774\" src=\"https:\/\/linitiative.ca\/International\/wp-content\/uploads\/sites\/23\/2022\/03\/Challenges_tn_ebrd_BERD.jpg\" class=\"attachment-post-thumbnail size-post-thumbnail wp-post-image\" alt=\"\" loading=\"lazy\" srcset=\"https:\/\/linitiative.ca\/International\/wp-content\/uploads\/sites\/23\/2022\/03\/Challenges_tn_ebrd_BERD.jpg 1200w, https:\/\/www.challenge.ma\/wp-content\/uploads\/2020\/08\/Challenges_tn_ebrd_BERD-300x194.jpg 300w, https:\/\/www.challenge.ma\/wp-content\/uploads\/2020\/08\/Challenges_tn_ebrd_BERD-768x495.jpg 768w, https:\/\/www.challenge.ma\/wp-content\/uploads\/2020\/08\/Challenges_tn_ebrd_BERD-1024x660.jpg 1024w, https:\/\/www.challenge.ma\/wp-content\/uploads\/2020\/08\/Challenges_tn_ebrd_BERD-360x232.jpg 360w, https:\/\/www.challenge.ma\/wp-content\/uploads\/2020\/08\/Challenges_tn_ebrd_BERD-750x484.jpg 750w\" sizes=\"auto, (max-width: 1200px) 100vw, 1200px\" itemprop=\"image\">La Banque europ\u00e9enne pour la reconstruction et le d\u00e9veloppement (BERD) renforce son soutien \u00e0 l\u2019\u00e9conomie verte. La BERD vient en effet de lancer la ligne marocaine de financement pour l\u2019\u00e9conomie verte \u00ab\u00a0Green Economy Financing Facility Morocco II\u00a0\u00bb (GEFF II). Dot\u00e9e d\u2019une enveloppe de 163 millions d\u2019euros, GEFF II est une<\/div>\n<p>Auteur: challenge<br \/>\n<a href=\"https:\/\/www.challenge.ma\/la-berd-lance-une-ligne-de-financement-pour-leconomie-verte-au-maroc-235700\/\">Cliquez ici pour lire l&rsquo;article depuis sa source.<\/a><\/p>\n","protected":false},"excerpt":{"rendered":"<p>La Banque europ\u00e9enne pour la reconstruction et le d\u00e9veloppement (BERD) renforce son soutien \u00e0 l\u2019\u00e9conomie verte. La BERD vient en effet de lancer la ligne marocaine de financement pour l\u2019\u00e9conomie verte \u00ab\u00a0Green Economy Financing Facility Morocco II\u00a0\u00bb (GEFF II). Dot\u00e9e d\u2019une enveloppe de 163 millions d\u2019euros, GEFF II est une Auteur: challenge Cliquez ici pour [&hellip;]<\/p>\n","protected":false},"author":1787,"featured_media":0,"comment_status":"closed","ping_status":"closed","sticky":false,"template":"","format":"standard","meta":{"fifu_image_url":"https:\/\/www.challenge.ma\/wp-content\/uploads\/2020\/08\/Challenges_tn_ebrd_BERD.jpg","fifu_image_alt":"La BERD lance une ligne de financement pour l\u2019\u00e9conomie verte au Maroc","footnotes":""},"categories":[78,54],"tags":[],"class_list":["post-144245","post","type-post","status-publish","format-standard","hentry","category-economie","category-maroc"],"_links":{"self":[{"href":"https:\/\/linitiative.ca\/International\/wp-json\/wp\/v2\/posts\/144245","targetHints":{"allow":["GET"]}}],"collection":[{"href":"https:\/\/linitiative.ca\/International\/wp-json\/wp\/v2\/posts"}],"about":[{"href":"https:\/\/linitiative.ca\/International\/wp-json\/wp\/v2\/types\/post"}],"author":[{"embeddable":true,"href":"https:\/\/linitiative.ca\/International\/wp-json\/wp\/v2\/users\/1787"}],"replies":[{"embeddable":true,"href":"https:\/\/linitiative.ca\/International\/wp-json\/wp\/v2\/comments?post=144245"}],"version-history":[{"count":0,"href":"https:\/\/linitiative.ca\/International\/wp-json\/wp\/v2\/posts\/144245\/revisions"}],"wp:attachment":[{"href":"https:\/\/linitiative.ca\/International\/wp-json\/wp\/v2\/media?parent=144245"}],"wp:term":[{"taxonomy":"category","embeddable":true,"href":"https:\/\/linitiative.ca\/International\/wp-json\/wp\/v2\/categories?post=144245"},{"taxonomy":"post_tag","embeddable":true,"href":"https:\/\/linitiative.ca\/International\/wp-json\/wp\/v2\/tags?post=144245"}],"curies":[{"name":"wp","href":"https:\/\/api.w.org\/{rel}","templated":true}]}}